{"id":7689,"date":"2023-10-30T20:45:00","date_gmt":"2023-10-30T20:45:00","guid":{"rendered":"http:\/\/172.27.0.121\/?p=7689"},"modified":"2023-10-31T20:55:20","modified_gmt":"2023-10-31T20:55:20","slug":"ali-primera-la-pelicula-se-estrenara-en-abril-de-2024","status":"publish","type":"post","link":"https:\/\/prensapresidencialvenezuela.gob.ve\/index.php\/2023\/10\/30\/ali-primera-la-pelicula-se-estrenara-en-abril-de-2024\/","title":{"rendered":"Al\u00ed Primera: La pel\u00edcula se estrenar\u00e1 en abril de 2024"},"content":{"rendered":"\n<p><strong>Palacio de Miraflores, Caracas.-\u00a0<\/strong>La obra cinematogr\u00e1fica Al\u00ed Primera: La Pel\u00edcula, que recoger\u00e1 la vida del Cantor del Pueblo, llegar\u00e1 a las salas de cine en abril de 2024.<\/p>\n\n\n\n<p>El anuncio realizado por el ministro del Poder Popular para la Cultura, Ernesto Villegas, se da en v\u00edsperas del 82 aniversario del natalicio del autor de \u201cVamos gente de mi tierra\u201d, \u201cAbrebrecha\u201d y \u201cAbran la puerta\u201d, ocurrido el 31 de octubre de 1941 en el estado Falc\u00f3n.<\/p>\n\n\n\n<p>Al respecto, el presidente de la Rep\u00fablica, Nicol\u00e1s Maduro, calific\u00f3 el filme como \u201cun buen regalo\u201d que, seguramente, se convertir\u00e1 en un \u00e9xito a escala nacional e internacional.<\/p>\n\n\n\n<p>\u201cMuy pronto Al\u00ed Primera: La Pel\u00edcula, el inmortal\u201d, subray\u00f3 en una afirmaci\u00f3n coincidente a la expresada por la diputada de la Asamblea Nacional, Sol Mussett, quien fuera su compa\u00f1era de vida.<\/p>\n\n\n\n<p>Durante el programa&nbsp;<em>Con Maduro +<\/em>, transmitido a trav\u00e9s de Venezolana de Televisi\u00f3n (VTV), enfatiz\u00f3 que \u201csiempre hemos tenido la idea de rescatar la imagen viva de Al\u00ed Primera\u201d, que, particularmente, en su mente est\u00e1 muy presente como gu\u00eda, consejero.<\/p>\n\n\n\n<p>\u201cAl\u00ed era un hombre de pensamiento claro, certero y profundo; era un rebelde, un creador, un hombre cuestionar de los conceptos que \u2013hegem\u00f3nicamente- se nos impon\u00edan\u201d, agreg\u00f3.<\/p>\n\n\n\n<p>Por otro lado, respecto a las actividades programadas en ocasi\u00f3n del 82 aniversario de su nacimiento, el gobernador del estado Falc\u00f3n, V\u00edctor Clark, detall\u00f3 que este martes se tendr\u00e1 lugar una movilizaci\u00f3n en Coro, capital del estado, y cantatas en honor del Cantor del Pueblo en escuelas.<\/p>\n\n\n\n<p>Asimismo, se desarrollar\u00e1n exposiciones, vigilias y visitas guiadas a San Jos\u00e9 de Cocodite, pueblo natal de Al\u00ed Primera.<\/p>\n\n\n\n<p><strong>Prensa Presidencial \/ Karelis Gonz\u00e1lez<\/strong><\/p>\n","protected":false},"excerpt":{"rendered":"<p>Palacio de Miraflores, Caracas.-\u00a0La obra cinematogr\u00e1fica Al\u00ed Primera: La Pel\u00edcula, que recoger\u00e1 la vida del Cantor del Pueblo, llegar\u00e1 a las salas de cine en abril de 2024. El anuncio realizado por el ministro del Poder Popular para la Cultura, Ernesto Villegas, se da en v\u00edsperas del 82 aniversario del natalicio del autor de \u201cVamos [&hellip;]<\/p>\n","protected":false},"author":6,"featured_media":7692,"comment_status":"open","ping_status":"open","sticky":false,"template":"","format":"standard","meta":{"footnotes":""},"categories":[18,7],"tags":[],"class_list":["post-7689","post","type-post","status-publish","format-standard","has-post-thumbnail","hentry","category-noticias-principales","category-notas-de-prensa"],"_links":{"self":[{"href":"https:\/\/prensapresidencialvenezuela.gob.ve\/index.php\/wp-json\/wp\/v2\/posts\/7689","targetHints":{"allow":["GET"]}}],"collection":[{"href":"https:\/\/prensapresidencialvenezuela.gob.ve\/index.php\/wp-json\/wp\/v2\/posts"}],"about":[{"href":"https:\/\/prensapresidencialvenezuela.gob.ve\/index.php\/wp-json\/wp\/v2\/types\/post"}],"author":[{"embeddable":true,"href":"https:\/\/prensapresidencialvenezuela.gob.ve\/index.php\/wp-json\/wp\/v2\/users\/6"}],"replies":[{"embeddable":true,"href":"https:\/\/prensapresidencialvenezuela.gob.ve\/index.php\/wp-json\/wp\/v2\/comments?post=7689"}],"version-history":[{"count":1,"href":"https:\/\/prensapresidencialvenezuela.gob.ve\/index.php\/wp-json\/wp\/v2\/posts\/7689\/revisions"}],"predecessor-version":[{"id":7694,"href":"https:\/\/prensapresidencialvenezuela.gob.ve\/index.php\/wp-json\/wp\/v2\/posts\/7689\/revisions\/7694"}],"wp:featuredmedia":[{"embeddable":true,"href":"https:\/\/prensapresidencialvenezuela.gob.ve\/index.php\/wp-json\/wp\/v2\/media\/7692"}],"wp:attachment":[{"href":"https:\/\/prensapresidencialvenezuela.gob.ve\/index.php\/wp-json\/wp\/v2\/media?parent=7689"}],"wp:term":[{"taxonomy":"category","embeddable":true,"href":"https:\/\/prensapresidencialvenezuela.gob.ve\/index.php\/wp-json\/wp\/v2\/categories?post=7689"},{"taxonomy":"post_tag","embeddable":true,"href":"https:\/\/prensapresidencialvenezuela.gob.ve\/index.php\/wp-json\/wp\/v2\/tags?post=7689"}],"curies":[{"name":"wp","href":"https:\/\/api.w.org\/{rel}","templated":true}]}}