{"id":7695,"date":"2023-10-30T20:56:00","date_gmt":"2023-10-30T20:56:00","guid":{"rendered":"http:\/\/172.27.0.121\/?p=7695"},"modified":"2023-10-31T21:04:16","modified_gmt":"2023-10-31T21:04:16","slug":"pueblos-del-mundo-exigen-cese-al-fuego-en-gaza","status":"publish","type":"post","link":"https:\/\/prensapresidencialvenezuela.gob.ve\/index.php\/2023\/10\/30\/pueblos-del-mundo-exigen-cese-al-fuego-en-gaza\/","title":{"rendered":"Pueblos del mundo exigen cese al fuego en Gaza"},"content":{"rendered":"\n<p><strong>Palacio de Miraflores, Caracas.-<\/strong>&nbsp;Durante la emisi\u00f3n 23 del programa \u201cCon Maduro +\u201d, el presidente de la Rep\u00fablica Bolivariana de Venezuela, Nicol\u00e1s Maduro, ratific\u00f3 su condena contra los ataques de Israel al pueblo palestino.<\/p>\n\n\n\n<p>\u201cAtacan hospitales, atacan mezquitas, atacan iglesias, atacan edificios, atacan civiles. Atacan todo lo que se mueve, porque quieren exterminar al pueblo palestino. Es el mismo plan de exterminio que hizo Hitler contra el pueblo jud\u00edo\u201d, denunci\u00f3 Maduro.<\/p>\n\n\n\n<p>Destac\u00f3 que numerosas manifestaciones masivas en paises como Espa\u00f1a, Estados Unidos, Francia, T\u00fcrkiye y Venezuela, se han desarrollado para levantar la voz y exigir un alto al fuego en Gaza.<\/p>\n\n\n\n<p>Seg\u00fan rese\u00f1a el Ministerio de Salud palestino, m\u00e1s de 8 mil personas han sido masacradas por la ofensiva Israel\u00ed, la mitad de esta lamentable cifra son ni\u00f1os.<\/p>\n\n\n\n<p>Por su parte, la Organizaci\u00f3n de las Naciones Unidas (ONU) durante una Asamblea General, aprob\u00f3 una resoluci\u00f3n que condena la violencia y aboga por el cese al fuego en Gaza.<\/p>\n\n\n\n<p>Adem\u00e1s, l\u00edderes del mundo han afirmado que los ataques violan las normas del derecho internacional humanitario, porque los bombardeos no discriminan hospitales o poblaciones civiles.<\/p>\n\n\n\n<p>El Dignatario venezolano aplaudi\u00f3 la lucha de los pueblos y en especial de \u201cla comunidad jud\u00eda, para pedir que acaben los bombardeos, cese al fuego, hasta el pueblo jud\u00edo est\u00e1 levantando su voz, y yo lo celebro, as\u00ed que debemos exigir en una sola voz, basta del genocidio contra el pueblo palestino\u201d, sentenci\u00f3 el Presidente.<\/p>\n\n\n\n<p>Tambi\u00e9n, ratific\u00f3 que su apoyo incondicional al pueblo hermano de Palestina va a ir dirigido \u201ca luchar y&nbsp; luchar hasta que Palestina sea libre, independiente y soberana\u201d.<\/p>\n\n\n\n<p>En otro contexto, el presidente Maduro, felicit\u00f3 a T\u00fcrkiye por el centenario de su declaraci\u00f3n como Rep\u00fablica, por lo que envi\u00f3 el abrazo afectuoso de las y los venezolanos al pueblo turco y el l\u00edder, Recep Erdogan.<\/p>\n\n\n\n<p><strong>PresaPresidencial \/ Mar\u00eda Mercedes Noguera<\/strong><\/p>\n\n\n\n<p><\/p>\n","protected":false},"excerpt":{"rendered":"<p>Palacio de Miraflores, Caracas.-&nbsp;Durante la emisi\u00f3n 23 del programa \u201cCon Maduro +\u201d, el presidente de la Rep\u00fablica Bolivariana de Venezuela, Nicol\u00e1s Maduro, ratific\u00f3 su condena contra los ataques de Israel al pueblo palestino. \u201cAtacan hospitales, atacan mezquitas, atacan iglesias, atacan edificios, atacan civiles. Atacan todo lo que se mueve, porque quieren exterminar al pueblo palestino. [&hellip;]<\/p>\n","protected":false},"author":6,"featured_media":7698,"comment_status":"open","ping_status":"open","sticky":false,"template":"","format":"standard","meta":{"footnotes":""},"categories":[18,7],"tags":[],"class_list":["post-7695","post","type-post","status-publish","format-standard","has-post-thumbnail","hentry","category-noticias-principales","category-notas-de-prensa"],"_links":{"self":[{"href":"https:\/\/prensapresidencialvenezuela.gob.ve\/index.php\/wp-json\/wp\/v2\/posts\/7695","targetHints":{"allow":["GET"]}}],"collection":[{"href":"https:\/\/prensapresidencialvenezuela.gob.ve\/index.php\/wp-json\/wp\/v2\/posts"}],"about":[{"href":"https:\/\/prensapresidencialvenezuela.gob.ve\/index.php\/wp-json\/wp\/v2\/types\/post"}],"author":[{"embeddable":true,"href":"https:\/\/prensapresidencialvenezuela.gob.ve\/index.php\/wp-json\/wp\/v2\/users\/6"}],"replies":[{"embeddable":true,"href":"https:\/\/prensapresidencialvenezuela.gob.ve\/index.php\/wp-json\/wp\/v2\/comments?post=7695"}],"version-history":[{"count":1,"href":"https:\/\/prensapresidencialvenezuela.gob.ve\/index.php\/wp-json\/wp\/v2\/posts\/7695\/revisions"}],"predecessor-version":[{"id":7700,"href":"https:\/\/prensapresidencialvenezuela.gob.ve\/index.php\/wp-json\/wp\/v2\/posts\/7695\/revisions\/7700"}],"wp:featuredmedia":[{"embeddable":true,"href":"https:\/\/prensapresidencialvenezuela.gob.ve\/index.php\/wp-json\/wp\/v2\/media\/7698"}],"wp:attachment":[{"href":"https:\/\/prensapresidencialvenezuela.gob.ve\/index.php\/wp-json\/wp\/v2\/media?parent=7695"}],"wp:term":[{"taxonomy":"category","embeddable":true,"href":"https:\/\/prensapresidencialvenezuela.gob.ve\/index.php\/wp-json\/wp\/v2\/categories?post=7695"},{"taxonomy":"post_tag","embeddable":true,"href":"https:\/\/prensapresidencialvenezuela.gob.ve\/index.php\/wp-json\/wp\/v2\/tags?post=7695"}],"curies":[{"name":"wp","href":"https:\/\/api.w.org\/{rel}","templated":true}]}}