{"id":774,"date":"2022-01-13T17:10:00","date_gmt":"2022-01-13T17:10:00","guid":{"rendered":"http:\/\/172.27.0.121\/?p=774"},"modified":"2022-05-28T17:14:05","modified_gmt":"2022-05-28T17:14:05","slug":"ejecutivo-nacional-retomaria-metodo-77-de-ser-necesario","status":"publish","type":"post","link":"https:\/\/prensapresidencialvenezuela.gob.ve\/index.php\/2022\/01\/13\/ejecutivo-nacional-retomaria-metodo-77-de-ser-necesario\/","title":{"rendered":"Ejecutivo Nacional retomar\u00eda m\u00e9todo 7+7 de ser necesario"},"content":{"rendered":"\n<p><strong>Palacio de Miraflores, Caracas.-<\/strong> \u201cSi hiciera falta por un crecimiento desmedido en las pr\u00f3ximas semanas, y si fuera justificado nosotros pasar\u00edamos nuevamente al m\u00e9todo 7+7, s\u00f3lo si hiciera falta. La clave es cuidarse y vacunarse, para seguir este a\u00f1o con buen pie\u201d, as\u00ed lo expres\u00f3 el Mandatario nacional, Nicol\u00e1s Maduro, al destacar el crecimiento de los casos en el pa\u00eds por la presencia de la variante \u00d3microm del COVID-19.<\/p>\n\n\n\n<p>En este sentido, record\u00f3 que la poblaci\u00f3n venezolana \u201cha lidiado con todas las variantes y \u00d3microm nos ha llevado de 200 casos diarios a mil 200 casos. Es mucho m\u00e1s contagiosa, no es m\u00e1s letal, y en el transcurso de las pr\u00f3ximas semanas esta variante va a ser dominante en el pa\u00eds y va a desplazar a las otras variantes\u201d.<\/p>\n\n\n\n<p>Al respecto, destac\u00f3 la capacidad de contagio de la variante, por lo que exhort\u00f3 a la poblaci\u00f3n venezolana a mantener los cuidados y medidas de prevenci\u00f3n y bioseguridad en sus funciones diarias.<\/p>\n\n\n\n<p>\u201cYo podr\u00eda ratificarle nuestra voluntad de avanzar en el control de la pandemia, atenci\u00f3n de los contagios y la vacunaci\u00f3n de toda la poblaci\u00f3n venezolana y mantener la flexibilizaci\u00f3n, para mantener el desarrollo econ\u00f3mico y social del pa\u00eds, pero debemos cuidarnos y vacunarnos\u201d, concluy\u00f3 Maduro.<\/p>\n\n\n\n<p><strong>Prensa Presidencial\/Joelin Jim\u00e9nez<\/strong><\/p>\n","protected":false},"excerpt":{"rendered":"<p>Palacio de Miraflores, Caracas.- \u201cSi hiciera falta por un crecimiento desmedido en las pr\u00f3ximas semanas, y si fuera justificado nosotros pasar\u00edamos nuevamente al m\u00e9todo 7+7, s\u00f3lo si hiciera falta. La clave es cuidarse y vacunarse, para seguir este a\u00f1o con buen pie\u201d, as\u00ed lo expres\u00f3 el Mandatario nacional, Nicol\u00e1s Maduro, al destacar el crecimiento de [&hellip;]<\/p>\n","protected":false},"author":6,"featured_media":775,"comment_status":"open","ping_status":"open","sticky":false,"template":"","format":"standard","meta":{"footnotes":""},"categories":[7],"tags":[],"class_list":["post-774","post","type-post","status-publish","format-standard","has-post-thumbnail","hentry","category-notas-de-prensa"],"_links":{"self":[{"href":"https:\/\/prensapresidencialvenezuela.gob.ve\/index.php\/wp-json\/wp\/v2\/posts\/774","targetHints":{"allow":["GET"]}}],"collection":[{"href":"https:\/\/prensapresidencialvenezuela.gob.ve\/index.php\/wp-json\/wp\/v2\/posts"}],"about":[{"href":"https:\/\/prensapresidencialvenezuela.gob.ve\/index.php\/wp-json\/wp\/v2\/types\/post"}],"author":[{"embeddable":true,"href":"https:\/\/prensapresidencialvenezuela.gob.ve\/index.php\/wp-json\/wp\/v2\/users\/6"}],"replies":[{"embeddable":true,"href":"https:\/\/prensapresidencialvenezuela.gob.ve\/index.php\/wp-json\/wp\/v2\/comments?post=774"}],"version-history":[{"count":1,"href":"https:\/\/prensapresidencialvenezuela.gob.ve\/index.php\/wp-json\/wp\/v2\/posts\/774\/revisions"}],"predecessor-version":[{"id":776,"href":"https:\/\/prensapresidencialvenezuela.gob.ve\/index.php\/wp-json\/wp\/v2\/posts\/774\/revisions\/776"}],"wp:featuredmedia":[{"embeddable":true,"href":"https:\/\/prensapresidencialvenezuela.gob.ve\/index.php\/wp-json\/wp\/v2\/media\/775"}],"wp:attachment":[{"href":"https:\/\/prensapresidencialvenezuela.gob.ve\/index.php\/wp-json\/wp\/v2\/media?parent=774"}],"wp:term":[{"taxonomy":"category","embeddable":true,"href":"https:\/\/prensapresidencialvenezuela.gob.ve\/index.php\/wp-json\/wp\/v2\/categories?post=774"},{"taxonomy":"post_tag","embeddable":true,"href":"https:\/\/prensapresidencialvenezuela.gob.ve\/index.php\/wp-json\/wp\/v2\/tags?post=774"}],"curies":[{"name":"wp","href":"https:\/\/api.w.org\/{rel}","templated":true}]}}