{"id":7744,"date":"2023-10-22T22:27:00","date_gmt":"2023-10-22T22:27:00","guid":{"rendered":"http:\/\/172.27.0.121\/?p=7744"},"modified":"2023-10-31T22:32:24","modified_gmt":"2023-10-31T22:32:24","slug":"venezuela-y-mexico-reafirman-voluntad-de-dinamizar-agenda-bilateral","status":"publish","type":"post","link":"https:\/\/prensapresidencialvenezuela.gob.ve\/index.php\/2023\/10\/22\/venezuela-y-mexico-reafirman-voluntad-de-dinamizar-agenda-bilateral\/","title":{"rendered":"Venezuela y M\u00e9xico reafirman voluntad de dinamizar agenda bilateral"},"content":{"rendered":"\n<p><strong>Chiapas, M\u00e9xico.-<\/strong>&nbsp;Los Gobiernos de M\u00e9xico y Venezuela revalidaron su compromiso por fortalecer las relaciones bilaterales y expresaron su deseo de trabajar en beneficio mutuo.<\/p>\n\n\n\n<p>Un di\u00e1logo fraterno entre los presidentes de Venezuela y M\u00e9xico, Nicol\u00e1s Maduro Moros y Andr\u00e9s Manuel L\u00f3pez Obrador, respectivamente, se efect\u00fao en el Aeropuerto Internacional de Palenque con el prop\u00f3sito de reafirmar la amistad y el respeto entre ambos pueblos.<\/p>\n\n\n\n<p>Venezuela y M\u00e9xico establecieron relaciones diplom\u00e1ticas en el a\u00f1o 1831. Hist\u00f3ricamente, ambos pa\u00edses han mantenido una correlaci\u00f3n de amistad, solidaridad y respeto.<\/p>\n\n\n\n<p>El 07 de septiembre del 2021, se realiz\u00f3 una ampliaci\u00f3n de la agenda bilateral con diversos compromisos para impulsar el comercio, las inversiones y la cooperaci\u00f3n entre ambos pa\u00edses.<\/p>\n\n\n\n<p>Caracas y Ciudad de M\u00e9xico avanzan en la activaci\u00f3n de una Comisi\u00f3n Binacional Permanente, mecanismo dise\u00f1ado por ambos Gobiernos para impulsar el di\u00e1logo y las alianzas en las \u00e1reas de pol\u00edtica, comercio y turismo.<\/p>\n\n\n\n<p><strong>Prensa Presidencial \/ Karla Cotoret<\/strong><a rel=\"noreferrer noopener\" href=\"http:\/\/www.minci.gob.ve\/venezuela-y-mexico-reafirman-voluntad-de-dinamizar-agenda-bilateral\/#\" target=\"_blank\"><\/a><\/p>\n","protected":false},"excerpt":{"rendered":"<p>Chiapas, M\u00e9xico.-&nbsp;Los Gobiernos de M\u00e9xico y Venezuela revalidaron su compromiso por fortalecer las relaciones bilaterales y expresaron su deseo de trabajar en beneficio mutuo. Un di\u00e1logo fraterno entre los presidentes de Venezuela y M\u00e9xico, Nicol\u00e1s Maduro Moros y Andr\u00e9s Manuel L\u00f3pez Obrador, respectivamente, se efect\u00fao en el Aeropuerto Internacional de Palenque con el prop\u00f3sito de [&hellip;]<\/p>\n","protected":false},"author":6,"featured_media":7745,"comment_status":"open","ping_status":"open","sticky":false,"template":"","format":"standard","meta":{"footnotes":""},"categories":[18,7],"tags":[],"class_list":["post-7744","post","type-post","status-publish","format-standard","has-post-thumbnail","hentry","category-noticias-principales","category-notas-de-prensa"],"_links":{"self":[{"href":"https:\/\/prensapresidencialvenezuela.gob.ve\/index.php\/wp-json\/wp\/v2\/posts\/7744","targetHints":{"allow":["GET"]}}],"collection":[{"href":"https:\/\/prensapresidencialvenezuela.gob.ve\/index.php\/wp-json\/wp\/v2\/posts"}],"about":[{"href":"https:\/\/prensapresidencialvenezuela.gob.ve\/index.php\/wp-json\/wp\/v2\/types\/post"}],"author":[{"embeddable":true,"href":"https:\/\/prensapresidencialvenezuela.gob.ve\/index.php\/wp-json\/wp\/v2\/users\/6"}],"replies":[{"embeddable":true,"href":"https:\/\/prensapresidencialvenezuela.gob.ve\/index.php\/wp-json\/wp\/v2\/comments?post=7744"}],"version-history":[{"count":1,"href":"https:\/\/prensapresidencialvenezuela.gob.ve\/index.php\/wp-json\/wp\/v2\/posts\/7744\/revisions"}],"predecessor-version":[{"id":7746,"href":"https:\/\/prensapresidencialvenezuela.gob.ve\/index.php\/wp-json\/wp\/v2\/posts\/7744\/revisions\/7746"}],"wp:featuredmedia":[{"embeddable":true,"href":"https:\/\/prensapresidencialvenezuela.gob.ve\/index.php\/wp-json\/wp\/v2\/media\/7745"}],"wp:attachment":[{"href":"https:\/\/prensapresidencialvenezuela.gob.ve\/index.php\/wp-json\/wp\/v2\/media?parent=7744"}],"wp:term":[{"taxonomy":"category","embeddable":true,"href":"https:\/\/prensapresidencialvenezuela.gob.ve\/index.php\/wp-json\/wp\/v2\/categories?post=7744"},{"taxonomy":"post_tag","embeddable":true,"href":"https:\/\/prensapresidencialvenezuela.gob.ve\/index.php\/wp-json\/wp\/v2\/tags?post=7744"}],"curies":[{"name":"wp","href":"https:\/\/api.w.org\/{rel}","templated":true}]}}