{"id":7791,"date":"2023-10-03T20:47:18","date_gmt":"2023-10-03T20:47:18","guid":{"rendered":"http:\/\/172.27.0.121\/?p=7791"},"modified":"2023-11-21T19:59:20","modified_gmt":"2023-11-21T19:59:20","slug":"guyana-se-mantiene-en-la-senda-de-la-ilegalidad","status":"publish","type":"post","link":"https:\/\/prensapresidencialvenezuela.gob.ve\/index.php\/2023\/10\/03\/guyana-se-mantiene-en-la-senda-de-la-ilegalidad\/","title":{"rendered":"Guyana se mantiene en la senda de la ilegalidad"},"content":{"rendered":"\n<p>Hemos considerado importante informar al pa\u00eds de algo ins\u00f3lito que ocurri\u00f3 el d\u00eda de ayer en esta cadena permanente de provocaciones por parte de la Rep\u00fablica Cooperativa de Guyana y sus m\u00e1s altas autoridades. Lo que ocurri\u00f3 ayer pareciera ser una demostraci\u00f3n de desesperaci\u00f3n, porque no tiene ninguna otra explicaci\u00f3n, no tiene asidero jur\u00eddico, no tiene asidero legal m\u00e1s all\u00e1 de la desesperaci\u00f3n de las autoridades de Guyana.<\/p>\n\n\n\n<p>Como lo inform\u00f3 el presidente Nicol\u00e1s Maduro en el programa Con Maduro +, el d\u00eda de ayer la Rep\u00fablica<br>Cooperativa de Guyana se dirigi\u00f3 ante la Corte Internacional de Justicia para pedir medidas provisionales en el siguiente orden: Pide a la Corte que no proceda el refer\u00e9ndum consultivo previsto en Venezuela el tres de diciembre de su forma actual.<\/p>\n\n\n\n<p>Espec\u00edficamente referida a las preguntas uno, tres y cinco, que seguidamente vamos a pasar a revisar. Esto es una situaci\u00f3n in\u00e9dita, donde un pa\u00eds se auto atribuye ser la Constituci\u00f3n de la Rep\u00fablica Bolivariana de Venezuela, ins\u00f3lito, donde pretende adem\u00e1s sustituirse en la soberan\u00eda popular de Venezuela, y m\u00e1s a\u00fan pide a un organismo internacional, en este caso la Corte Internacional de Justicia, pide que derogue la Constituci\u00f3n de la Rep\u00fablica Bolivariana de Venezuela.<\/p>\n\n\n\n<p>Descargue el discurso integro de la vicepresidenta Ejecutiva, Delcy Rodr\u00edguez:<\/p>\n\n\n\n<div class=\"wp-block-file\"><a id=\"wp-block-file--media-66ee8140-723f-4ef9-97f5-5ad315d7483b\" href=\"https:\/\/prensapresidencialvenezuela.gob.ve\/wp-content\/uploads\/2023\/11\/RUEDA-DE-PRENSA-ESEQUIBO-1.pdf\">RUEDA-DE-PRENSA-ESEQUIBO-1<\/a><a href=\"https:\/\/prensapresidencialvenezuela.gob.ve\/wp-content\/uploads\/2023\/11\/RUEDA-DE-PRENSA-ESEQUIBO-1.pdf\" class=\"wp-block-file__button\" download aria-describedby=\"wp-block-file--media-66ee8140-723f-4ef9-97f5-5ad315d7483b\">Descarga<\/a><\/div>\n","protected":false},"excerpt":{"rendered":"<p>Hemos considerado importante informar al pa\u00eds de algo ins\u00f3lito que ocurri\u00f3 el d\u00eda de ayer en esta cadena permanente de provocaciones por parte de la Rep\u00fablica Cooperativa de Guyana y sus m\u00e1s altas autoridades. Lo que ocurri\u00f3 ayer pareciera ser una demostraci\u00f3n de desesperaci\u00f3n, porque no tiene ninguna otra explicaci\u00f3n, no tiene asidero jur\u00eddico, no [&hellip;]<\/p>\n","protected":false},"author":6,"featured_media":7739,"comment_status":"open","ping_status":"open","sticky":false,"template":"","format":"standard","meta":{"footnotes":""},"categories":[18,8],"tags":[],"class_list":["post-7791","post","type-post","status-publish","format-standard","has-post-thumbnail","hentry","category-noticias-principales","category-notas-del-discurso"],"_links":{"self":[{"href":"https:\/\/prensapresidencialvenezuela.gob.ve\/index.php\/wp-json\/wp\/v2\/posts\/7791","targetHints":{"allow":["GET"]}}],"collection":[{"href":"https:\/\/prensapresidencialvenezuela.gob.ve\/index.php\/wp-json\/wp\/v2\/posts"}],"about":[{"href":"https:\/\/prensapresidencialvenezuela.gob.ve\/index.php\/wp-json\/wp\/v2\/types\/post"}],"author":[{"embeddable":true,"href":"https:\/\/prensapresidencialvenezuela.gob.ve\/index.php\/wp-json\/wp\/v2\/users\/6"}],"replies":[{"embeddable":true,"href":"https:\/\/prensapresidencialvenezuela.gob.ve\/index.php\/wp-json\/wp\/v2\/comments?post=7791"}],"version-history":[{"count":2,"href":"https:\/\/prensapresidencialvenezuela.gob.ve\/index.php\/wp-json\/wp\/v2\/posts\/7791\/revisions"}],"predecessor-version":[{"id":7799,"href":"https:\/\/prensapresidencialvenezuela.gob.ve\/index.php\/wp-json\/wp\/v2\/posts\/7791\/revisions\/7799"}],"wp:featuredmedia":[{"embeddable":true,"href":"https:\/\/prensapresidencialvenezuela.gob.ve\/index.php\/wp-json\/wp\/v2\/media\/7739"}],"wp:attachment":[{"href":"https:\/\/prensapresidencialvenezuela.gob.ve\/index.php\/wp-json\/wp\/v2\/media?parent=7791"}],"wp:term":[{"taxonomy":"category","embeddable":true,"href":"https:\/\/prensapresidencialvenezuela.gob.ve\/index.php\/wp-json\/wp\/v2\/categories?post=7791"},{"taxonomy":"post_tag","embeddable":true,"href":"https:\/\/prensapresidencialvenezuela.gob.ve\/index.php\/wp-json\/wp\/v2\/tags?post=7791"}],"curies":[{"name":"wp","href":"https:\/\/api.w.org\/{rel}","templated":true}]}}