{"id":7801,"date":"2023-11-01T21:10:38","date_gmt":"2023-11-01T21:10:38","guid":{"rendered":"http:\/\/172.27.0.121\/?p=7801"},"modified":"2023-11-21T19:57:59","modified_gmt":"2023-11-21T19:57:59","slug":"caracas-brilla-con-encendido-de-la-cruz-del-warairarepano","status":"publish","type":"post","link":"https:\/\/prensapresidencialvenezuela.gob.ve\/index.php\/2023\/11\/01\/caracas-brilla-con-encendido-de-la-cruz-del-warairarepano\/","title":{"rendered":"Caracas brilla con encendido de la Cruz del Warairarepano"},"content":{"rendered":"\n<p><strong>Palacio de Miraflores, Caracas.-<\/strong> Con entusiasmo y alegr\u00eda el jefe de Estado, Nicol\u00e1s Maduro, dio la bienvenida este 01 de noviembre a la celebraci\u00f3n de las festividades de la Navidad, \u00e9poca de reencuentro familiar y uni\u00f3n entre los venezolanos.<\/p>\n\n\n\n<p>En ese contexto la ciudad de Caracas brilla con el encendido de la Cruz del Warairarepano, una tradici\u00f3n que cumple 60 a\u00f1os como s\u00edmbolo de fe que anuncia la llegada del ni\u00f1o Jes\u00fas.<\/p>\n\n\n\n<p>Para la Revoluci\u00f3n Bolivariana el encendido de la Navidad, \u00e9poca en la que se eleva el esp\u00edritu y se reflexiona sobre el nacimiento de Jes\u00fas, ha representado la fe, la esperanza del pueblo que con alegr\u00eda y car\u00e1cter contestatario por a\u00f1os ha sabido resistir los embates de la derecha nacional e internacional, demostrando as\u00ed al mundo que Venezuela defiende su tranquilidad, alegr\u00eda y tradiciones propias de estos d\u00edas de encuentro, uni\u00f3n y compartir.<\/p>\n\n\n\n<p>En esa l\u00ednea, el Dignatario venezolano ha invitado al pueblo venezolano a que inicien \u201clos arreglos propios a las fiestas decembrinas, mediante el embellecimiento de sus casas y de la comunidad\u201d.<\/p>\n\n\n\n<p><strong>Prensa Presidencial<\/strong><\/p>\n","protected":false},"excerpt":{"rendered":"<p>Palacio de Miraflores, Caracas.- Con entusiasmo y alegr\u00eda el jefe de Estado, Nicol\u00e1s Maduro, dio la bienvenida este 01 de noviembre a la celebraci\u00f3n de las festividades de la Navidad, \u00e9poca de reencuentro familiar y uni\u00f3n entre los venezolanos. En ese contexto la ciudad de Caracas brilla con el encendido de la Cruz del Warairarepano, [&hellip;]<\/p>\n","protected":false},"author":6,"featured_media":7802,"comment_status":"open","ping_status":"open","sticky":false,"template":"","format":"standard","meta":{"footnotes":""},"categories":[7],"tags":[],"class_list":["post-7801","post","type-post","status-publish","format-standard","has-post-thumbnail","hentry","category-notas-de-prensa"],"_links":{"self":[{"href":"https:\/\/prensapresidencialvenezuela.gob.ve\/index.php\/wp-json\/wp\/v2\/posts\/7801","targetHints":{"allow":["GET"]}}],"collection":[{"href":"https:\/\/prensapresidencialvenezuela.gob.ve\/index.php\/wp-json\/wp\/v2\/posts"}],"about":[{"href":"https:\/\/prensapresidencialvenezuela.gob.ve\/index.php\/wp-json\/wp\/v2\/types\/post"}],"author":[{"embeddable":true,"href":"https:\/\/prensapresidencialvenezuela.gob.ve\/index.php\/wp-json\/wp\/v2\/users\/6"}],"replies":[{"embeddable":true,"href":"https:\/\/prensapresidencialvenezuela.gob.ve\/index.php\/wp-json\/wp\/v2\/comments?post=7801"}],"version-history":[{"count":1,"href":"https:\/\/prensapresidencialvenezuela.gob.ve\/index.php\/wp-json\/wp\/v2\/posts\/7801\/revisions"}],"predecessor-version":[{"id":7803,"href":"https:\/\/prensapresidencialvenezuela.gob.ve\/index.php\/wp-json\/wp\/v2\/posts\/7801\/revisions\/7803"}],"wp:featuredmedia":[{"embeddable":true,"href":"https:\/\/prensapresidencialvenezuela.gob.ve\/index.php\/wp-json\/wp\/v2\/media\/7802"}],"wp:attachment":[{"href":"https:\/\/prensapresidencialvenezuela.gob.ve\/index.php\/wp-json\/wp\/v2\/media?parent=7801"}],"wp:term":[{"taxonomy":"category","embeddable":true,"href":"https:\/\/prensapresidencialvenezuela.gob.ve\/index.php\/wp-json\/wp\/v2\/categories?post=7801"},{"taxonomy":"post_tag","embeddable":true,"href":"https:\/\/prensapresidencialvenezuela.gob.ve\/index.php\/wp-json\/wp\/v2\/tags?post=7801"}],"curies":[{"name":"wp","href":"https:\/\/api.w.org\/{rel}","templated":true}]}}