{"id":7813,"date":"2023-11-03T18:48:00","date_gmt":"2023-11-03T18:48:00","guid":{"rendered":"http:\/\/172.27.0.121\/?p=7813"},"modified":"2023-11-21T19:46:49","modified_gmt":"2023-11-21T19:46:49","slug":"presidente-rechazo-vil-ataque-de-luis-almagro-al-desconocer-los-derechos-historicos-de-los-venezolanos","status":"publish","type":"post","link":"https:\/\/prensapresidencialvenezuela.gob.ve\/index.php\/2023\/11\/03\/presidente-rechazo-vil-ataque-de-luis-almagro-al-desconocer-los-derechos-historicos-de-los-venezolanos\/","title":{"rendered":"Presidente rechaz\u00f3 vil ataque de Lu\u00eds Almagro al desconocer los derechos hist\u00f3ricos de los venezolanos"},"content":{"rendered":"\n<p><strong>Quinta Crespo, Caracas. \u2013 <\/strong>El intento de desconocer los derechos hist\u00f3ricos de todos los venezolanos y venezolanas sobre la Guayana Esequiba, por parte de Lu\u00eds Almagro, fue rechazado este jueves por el presidente de la Rep\u00fablica Bolivariana de Venezuela, Nicol\u00e1s Maduro, quien manifest\u00f3 que las declaraciones emitidas por el secretario de la Organizaci\u00f3n de los Estados Americanos (OEA) son una agresi\u00f3n contra la naci\u00f3n suramericana.<\/p>\n\n\n\n<p>\u201cVerdaderamente despreciable este ser; y a nombre de toda Venezuela rechazo absolutamente las declaraciones y la agresi\u00f3n de Luis Almagro contra los derechos hist\u00f3ricos de Venezuela sobre la Guayana Esequiba\u201d, sentenci\u00f3 el jefe de Estado venezolano.<\/p>\n\n\n\n<p>Enfatiz\u00f3: La \u201cGuayana Esequiba es Venezuela Luis Almagro. As\u00ed t\u00fa est\u00e9s a sueldo de la ExxonMobil, t\u00fa y tus amigotes y amigotas de la ultraderecha de ac\u00e1 en Venezuela que te avalan\u201d, indic\u00f3 el Mandatario, quien record\u00f3 que Almagro es \u201cel padrino pol\u00edtico de ese sector vendepatria\u201d.<\/p>\n\n\n\n<p>\u201cLo digo con todas las letras (\u2026) y sale Luis Almagro a ofender a Venezuela con esas declaraciones insolentes. Felicito al ministro de Defensa, Vladimir Padrino L\u00f3pez y a la Fuerza Armada Nacional Bolivariana (FANB), salieron r\u00e1pidamente a denunciar y rechazar este intento de desconocer nuestros derechos hist\u00f3ricos\u201d, aplaudi\u00f3 la respuesta bolivariana.<\/p>\n\n\n\n<p>El jefe de Estado venezolano fustig\u00f3 las declaraciones emitidas este viernes. Son \u201cinfames de un ser totalmente despreciable. Luis Almagro, Secretario General de la muy perniciosa y perversa OEA (Organizaci\u00f3n de los Estados Americanos). Luis Almagro, padrino pol\u00edtico de la Plataforma Unitaria y de la ultraderecha venezolana, es el jefe pol\u00edtico\u201d.<\/p>\n\n\n\n<p>Como parte de una supervisi\u00f3n realizada por la Vicepresidenta Ejecutiva en la Unidad Educativa Nacional Teresa Carre\u00f1o, Quinta Crespo, Caracas, el Dignatario, en una llamada telef\u00f3nica, se\u00f1al\u00f3 que esta ofensa deben conocerla \u201ctodos, j\u00f3venes, adultos, hombres, mujeres, toda Venezuela\u201d,&nbsp; porque \u201cha salido con unas declaraciones terribles de este ser despreciable, diciendo que Venezuela es un pa\u00eds guerrerista, que Venezuela no tiene derechos hist\u00f3ricos sobre el Esequibo, meti\u00e9ndose con lo m\u00e1s sagrado de los venezolanos y venezolanas que es su dignidad, decencia, honestidad\u201d.<\/p>\n\n\n\n<p>Por ello, el presidente Maduro inst\u00f3 la preparaci\u00f3n \u201cpara esta jornada hermosa en defensa de la Guayaba Esequiba\u201d, en alusi\u00f3n del refer\u00e9ndum en defensa de este territorio, el pr\u00f3ximo 3 de diciembre, en vista de que \u201cVenezuela est\u00e1 siendo atacada vilmente desde el exterior\u201d.<\/p>\n\n\n\n<p><strong>Prensa Presidencial \/ Ana\u00eds P\u00e9rez<\/strong><\/p>\n","protected":false},"excerpt":{"rendered":"<p>Quinta Crespo, Caracas. \u2013 El intento de desconocer los derechos hist\u00f3ricos de todos los venezolanos y venezolanas sobre la Guayana Esequiba, por parte de Lu\u00eds Almagro, fue rechazado este jueves por el presidente de la Rep\u00fablica Bolivariana de Venezuela, Nicol\u00e1s Maduro, quien manifest\u00f3 que las declaraciones emitidas por el secretario de la Organizaci\u00f3n de los [&hellip;]<\/p>\n","protected":false},"author":6,"featured_media":7814,"comment_status":"open","ping_status":"open","sticky":false,"template":"","format":"standard","meta":{"footnotes":""},"categories":[18,7],"tags":[],"class_list":["post-7813","post","type-post","status-publish","format-standard","has-post-thumbnail","hentry","category-noticias-principales","category-notas-de-prensa"],"_links":{"self":[{"href":"https:\/\/prensapresidencialvenezuela.gob.ve\/index.php\/wp-json\/wp\/v2\/posts\/7813","targetHints":{"allow":["GET"]}}],"collection":[{"href":"https:\/\/prensapresidencialvenezuela.gob.ve\/index.php\/wp-json\/wp\/v2\/posts"}],"about":[{"href":"https:\/\/prensapresidencialvenezuela.gob.ve\/index.php\/wp-json\/wp\/v2\/types\/post"}],"author":[{"embeddable":true,"href":"https:\/\/prensapresidencialvenezuela.gob.ve\/index.php\/wp-json\/wp\/v2\/users\/6"}],"replies":[{"embeddable":true,"href":"https:\/\/prensapresidencialvenezuela.gob.ve\/index.php\/wp-json\/wp\/v2\/comments?post=7813"}],"version-history":[{"count":1,"href":"https:\/\/prensapresidencialvenezuela.gob.ve\/index.php\/wp-json\/wp\/v2\/posts\/7813\/revisions"}],"predecessor-version":[{"id":7816,"href":"https:\/\/prensapresidencialvenezuela.gob.ve\/index.php\/wp-json\/wp\/v2\/posts\/7813\/revisions\/7816"}],"wp:featuredmedia":[{"embeddable":true,"href":"https:\/\/prensapresidencialvenezuela.gob.ve\/index.php\/wp-json\/wp\/v2\/media\/7814"}],"wp:attachment":[{"href":"https:\/\/prensapresidencialvenezuela.gob.ve\/index.php\/wp-json\/wp\/v2\/media?parent=7813"}],"wp:term":[{"taxonomy":"category","embeddable":true,"href":"https:\/\/prensapresidencialvenezuela.gob.ve\/index.php\/wp-json\/wp\/v2\/categories?post=7813"},{"taxonomy":"post_tag","embeddable":true,"href":"https:\/\/prensapresidencialvenezuela.gob.ve\/index.php\/wp-json\/wp\/v2\/tags?post=7813"}],"curies":[{"name":"wp","href":"https:\/\/api.w.org\/{rel}","templated":true}]}}