{"id":7833,"date":"2023-11-03T19:44:00","date_gmt":"2023-11-03T19:44:00","guid":{"rendered":"http:\/\/172.27.0.121\/?p=7833"},"modified":"2023-11-21T19:53:56","modified_gmt":"2023-11-21T19:53:56","slug":"arranca-jornada-en-defensa-del-esequibo-en-instituciones-educativas-del-pais","status":"publish","type":"post","link":"https:\/\/prensapresidencialvenezuela.gob.ve\/index.php\/2023\/11\/03\/arranca-jornada-en-defensa-del-esequibo-en-instituciones-educativas-del-pais\/","title":{"rendered":"Arranca jornada en defensa del Esequibo en instituciones educativas del pa\u00eds"},"content":{"rendered":"\n<p><strong>Quinta Crespo, Caracas.-<\/strong> Este viernes 3 de noviembre se dar\u00e1 inicio a las jornadas informativas y educativas sobre la defensa de la Guayana Esequiba, as\u00ed lo inform\u00f3 la Ministra del Poder Popular para la Educaci\u00f3n, Yelitze Santaella.<\/p>\n\n\n\n<p>\u201cMa\u00f1ana dedicamos el d\u00eda al Esequibo, los ni\u00f1os cantar\u00e1n, los ni\u00f1os van a escribir poes\u00eda, los ni\u00f1os van a dibujar el Esequibo\u201d.<\/p>\n\n\n\n<p>A trav\u00e9s de un contacto telef\u00f3nico, el Presidente de la Rep\u00fablica, Nicol\u00e1s Maduro, instruy\u00f3 adem\u00e1s, \u201cque los ni\u00f1os, ni\u00f1as j\u00f3venes venezolanos sepan que se va a realizar un refer\u00e9ndum constitucional el domingo 3 de diciembre\u201d.<\/p>\n\n\n\n<p>El mandatario nacional invit\u00f3 a los maestros, profesores de las diversas casa de estudio y niveles acad\u00e9micos, a crear toda una plataforma formativa para llevar el mensaje de manera efectiva.<\/p>\n\n\n\n<p>\u201cVamos a ponernos las pilas, para activarnos en defensa de la Guayana Esequiba, sobre todo ahora que estamos viviendo esta agresi\u00f3n internacional\u201d, apunt\u00f3.<\/p>\n\n\n\n<p>Tambi\u00e9n llam\u00f3 a las organizaciones encargadas de impartir conocimientos a sumarse a esta campa\u00f1a.<\/p>\n\n\n\n<p>\u201cA la organizaci\u00f3n Bolivariana de Estudiantes, de la Federaci\u00f3n Venezolana de Estudiantes de Educaci\u00f3n Media, bueno a desarrollar una gran jornada de informaci\u00f3n, de motivaci\u00f3n, de concientizaci\u00f3n, para el domingo 3 de diciembre, ir Venezuela toda y unida a votar por la Guayana Esequiba\u201d.<\/p>\n\n\n\n<p>El dignatario destac\u00f3, que Venezuela dar\u00e1 la lucha desde todos los frentes y el educativo ser\u00e1 uno de los m\u00e1s importantes. El objetivo es dejar un mensaje claro y contundente ante el mundo.<\/p>\n\n\n\n<p>\u201cY trazar el rumbo de lo que va a ser el camino de Venezuela, para recuperar la Guayana Esequiba, como no las dej\u00f3 intacta el Libertador Sim\u00f3n Bol\u00edvar hace 200 a\u00f1os\u201d.<\/p>\n\n\n\n<p>Esta informaci\u00f3n se dio a conocer durante el recorrido que realiz\u00f3 la Vicepresidenta Ejecutiva de la Rep\u00fablica, Delcy Rodr\u00edguez, por la Unidad Educativa Nacional Teresa Carre\u00f1o, ubicada en Quinta Crespo en Caracas, en el marco&nbsp; de las Bricomiles.<\/p>\n\n\n\n<p><strong>Prensa Presidencial\/Mar\u00eda Mercedes Noguera<\/strong><\/p>\n","protected":false},"excerpt":{"rendered":"<p>Quinta Crespo, Caracas.- Este viernes 3 de noviembre se dar\u00e1 inicio a las jornadas informativas y educativas sobre la defensa de la Guayana Esequiba, as\u00ed lo inform\u00f3 la Ministra del Poder Popular para la Educaci\u00f3n, Yelitze Santaella. \u201cMa\u00f1ana dedicamos el d\u00eda al Esequibo, los ni\u00f1os cantar\u00e1n, los ni\u00f1os van a escribir poes\u00eda, los ni\u00f1os van [&hellip;]<\/p>\n","protected":false},"author":6,"featured_media":7834,"comment_status":"open","ping_status":"open","sticky":false,"template":"","format":"standard","meta":{"footnotes":""},"categories":[18,7],"tags":[],"class_list":["post-7833","post","type-post","status-publish","format-standard","has-post-thumbnail","hentry","category-noticias-principales","category-notas-de-prensa"],"_links":{"self":[{"href":"https:\/\/prensapresidencialvenezuela.gob.ve\/index.php\/wp-json\/wp\/v2\/posts\/7833","targetHints":{"allow":["GET"]}}],"collection":[{"href":"https:\/\/prensapresidencialvenezuela.gob.ve\/index.php\/wp-json\/wp\/v2\/posts"}],"about":[{"href":"https:\/\/prensapresidencialvenezuela.gob.ve\/index.php\/wp-json\/wp\/v2\/types\/post"}],"author":[{"embeddable":true,"href":"https:\/\/prensapresidencialvenezuela.gob.ve\/index.php\/wp-json\/wp\/v2\/users\/6"}],"replies":[{"embeddable":true,"href":"https:\/\/prensapresidencialvenezuela.gob.ve\/index.php\/wp-json\/wp\/v2\/comments?post=7833"}],"version-history":[{"count":1,"href":"https:\/\/prensapresidencialvenezuela.gob.ve\/index.php\/wp-json\/wp\/v2\/posts\/7833\/revisions"}],"predecessor-version":[{"id":7835,"href":"https:\/\/prensapresidencialvenezuela.gob.ve\/index.php\/wp-json\/wp\/v2\/posts\/7833\/revisions\/7835"}],"wp:featuredmedia":[{"embeddable":true,"href":"https:\/\/prensapresidencialvenezuela.gob.ve\/index.php\/wp-json\/wp\/v2\/media\/7834"}],"wp:attachment":[{"href":"https:\/\/prensapresidencialvenezuela.gob.ve\/index.php\/wp-json\/wp\/v2\/media?parent=7833"}],"wp:term":[{"taxonomy":"category","embeddable":true,"href":"https:\/\/prensapresidencialvenezuela.gob.ve\/index.php\/wp-json\/wp\/v2\/categories?post=7833"},{"taxonomy":"post_tag","embeddable":true,"href":"https:\/\/prensapresidencialvenezuela.gob.ve\/index.php\/wp-json\/wp\/v2\/tags?post=7833"}],"curies":[{"name":"wp","href":"https:\/\/api.w.org\/{rel}","templated":true}]}}