{"id":7836,"date":"2023-11-03T19:55:00","date_gmt":"2023-11-03T19:55:00","guid":{"rendered":"http:\/\/172.27.0.121\/?p=7836"},"modified":"2023-11-21T20:08:34","modified_gmt":"2023-11-21T20:08:34","slug":"resolucion-de-la-controversia-territorial-sobre-el-esequibo-esta-en-retomar-el-dialogo","status":"publish","type":"post","link":"https:\/\/prensapresidencialvenezuela.gob.ve\/index.php\/2023\/11\/03\/resolucion-de-la-controversia-territorial-sobre-el-esequibo-esta-en-retomar-el-dialogo\/","title":{"rendered":"Resoluci\u00f3n de la controversia territorial sobre el Esequibo est\u00e1 en retomar el di\u00e1logo"},"content":{"rendered":"\n<div data-wp-interactive=\"core\/file\" class=\"wp-block-file\"><object data-wp-bind--hidden=\"!state.hasPdfPreview\" hidden class=\"wp-block-file__embed\" data=\"https:\/\/prensapresidencialvenezuela.gob.ve\/wp-content\/uploads\/2023\/11\/FOLLETO-RESOLUCION-DE-LA-CONTROVERSIA-SOBRE-EL-ESEQUIBO_060911-1.pdf\" type=\"application\/pdf\" style=\"width:100%;height:600px\" aria-label=\"Incrustado de Incrustado de FOLLETO-RESOLUCION-DE-LA-CONTROVERSIA-SOBRE-EL-ESEQUIBO_060911-1..\"><\/object><a id=\"wp-block-file--media-68c64191-0e7c-4937-be97-e1ed43b6bd9c\" href=\"https:\/\/prensapresidencialvenezuela.gob.ve\/wp-content\/uploads\/2023\/11\/FOLLETO-RESOLUCION-DE-LA-CONTROVERSIA-SOBRE-EL-ESEQUIBO_060911-1.pdf\">FOLLETO-RESOLUCION-DE-LA-CONTROVERSIA-SOBRE-EL-ESEQUIBO_060911-1<\/a><a href=\"https:\/\/prensapresidencialvenezuela.gob.ve\/wp-content\/uploads\/2023\/11\/FOLLETO-RESOLUCION-DE-LA-CONTROVERSIA-SOBRE-EL-ESEQUIBO_060911-1.pdf\" class=\"wp-block-file__button\" download aria-describedby=\"wp-block-file--media-68c64191-0e7c-4937-be97-e1ed43b6bd9c\">Descarga<\/a><\/div>\n","protected":false},"excerpt":{"rendered":"","protected":false},"author":6,"featured_media":7837,"comment_status":"open","ping_status":"open","sticky":false,"template":"","format":"standard","meta":{"footnotes":""},"categories":[8],"tags":[],"class_list":["post-7836","post","type-post","status-publish","format-standard","has-post-thumbnail","hentry","category-notas-del-discurso"],"_links":{"self":[{"href":"https:\/\/prensapresidencialvenezuela.gob.ve\/index.php\/wp-json\/wp\/v2\/posts\/7836","targetHints":{"allow":["GET"]}}],"collection":[{"href":"https:\/\/prensapresidencialvenezuela.gob.ve\/index.php\/wp-json\/wp\/v2\/posts"}],"about":[{"href":"https:\/\/prensapresidencialvenezuela.gob.ve\/index.php\/wp-json\/wp\/v2\/types\/post"}],"author":[{"embeddable":true,"href":"https:\/\/prensapresidencialvenezuela.gob.ve\/index.php\/wp-json\/wp\/v2\/users\/6"}],"replies":[{"embeddable":true,"href":"https:\/\/prensapresidencialvenezuela.gob.ve\/index.php\/wp-json\/wp\/v2\/comments?post=7836"}],"version-history":[{"count":1,"href":"https:\/\/prensapresidencialvenezuela.gob.ve\/index.php\/wp-json\/wp\/v2\/posts\/7836\/revisions"}],"predecessor-version":[{"id":7839,"href":"https:\/\/prensapresidencialvenezuela.gob.ve\/index.php\/wp-json\/wp\/v2\/posts\/7836\/revisions\/7839"}],"wp:featuredmedia":[{"embeddable":true,"href":"https:\/\/prensapresidencialvenezuela.gob.ve\/index.php\/wp-json\/wp\/v2\/media\/7837"}],"wp:attachment":[{"href":"https:\/\/prensapresidencialvenezuela.gob.ve\/index.php\/wp-json\/wp\/v2\/media?parent=7836"}],"wp:term":[{"taxonomy":"category","embeddable":true,"href":"https:\/\/prensapresidencialvenezuela.gob.ve\/index.php\/wp-json\/wp\/v2\/categories?post=7836"},{"taxonomy":"post_tag","embeddable":true,"href":"https:\/\/prensapresidencialvenezuela.gob.ve\/index.php\/wp-json\/wp\/v2\/tags?post=7836"}],"curies":[{"name":"wp","href":"https:\/\/api.w.org\/{rel}","templated":true}]}}