{"id":7849,"date":"2023-11-06T16:33:00","date_gmt":"2023-11-06T16:33:00","guid":{"rendered":"http:\/\/172.27.0.121\/?p=7849"},"modified":"2023-11-22T16:38:30","modified_gmt":"2023-11-22T16:38:30","slug":"venezuela-es-socio-confiable-de-vietnam","status":"publish","type":"post","link":"https:\/\/prensapresidencialvenezuela.gob.ve\/index.php\/2023\/11\/06\/venezuela-es-socio-confiable-de-vietnam\/","title":{"rendered":"Venezuela es socio confiable de Vietnam"},"content":{"rendered":"\n<p><strong>Palacio de Miraflores, Caracas.-&nbsp;<\/strong>Durante la edici\u00f3n N\u00b0 24 del programa \u201cCon Maduro +\u201d, el jefe de Estado y Gobierno venezolano, Nicol\u00e1s Maduro, al destacar que \u201cVenezuela es socio confiable de Vietnam\u201d, inform\u00f3 nuestro pa\u00eds se prepara para nuevos planes de cooperaci\u00f3n con la naci\u00f3n asi\u00e1tica.<\/p>\n\n\n\n<p>\u201cHay grandes y nuevos planes de cooperaci\u00f3n con Vietnam en el \u00e1rea petrolera, gas\u00edfera, telecomunicaciones, conexi\u00f3n a\u00e9rea, turismo, agr\u00edcola, acuicultura, pesca, alta tecnolog\u00eda, formaci\u00f3n pol\u00edtica, formaci\u00f3n ideol\u00f3gica, en el \u00e1rea militar, en todas las \u00e1reas, grandes planes de cooperaci\u00f3n con la Rep\u00fablica Socialista, heroica, de Vietnam\u201d, detall\u00f3 Maduro.<\/p>\n\n\n\n<p>El Dignatario adem\u00e1s destac\u00f3 que Vietnam, a pesar de que fue atacada, en \u00e9pocas atr\u00e1s, tanto por el imperio franc\u00e9s y el imperio norteamericano, logr\u00f3 vencer y ahora en este tiempo \u201cest\u00e1 viviendo un momento estelar para su econom\u00eda, del desarrollo tecnol\u00f3gico\u201d, subray\u00f3.<\/p>\n\n\n\n<p>\u201cVietnam est\u00e1 escribiendo otra p\u00e1gina de proeza y de heroicidad, de creatividad; Vietnam con su desarrollo econ\u00f3mico, financiero, comercial, tecnol\u00f3gico y ah\u00ed vamos a integrarnos de manera perfecta\u201d, indic\u00f3.<\/p>\n\n\n\n<p>En contexto, el pasado s\u00e1bado el presidente Nicol\u00e1s Maduro recibi\u00f3 a una&nbsp; delegaci\u00f3n del Partido Comunista de Vietnam (PCV), encabezada por el presidente de la Comisi\u00f3n de Asuntos Internos del Comit\u00e9 Central, Phan Dinh Trac, donde se establecieron acuerdos en pro del bienestar de ambos pueblos.<\/p>\n\n\n\n<p><strong>Prensa Presidencial \/ Eduardo Hueck<\/strong><\/p>\n","protected":false},"excerpt":{"rendered":"<p>Palacio de Miraflores, Caracas.-&nbsp;Durante la edici\u00f3n N\u00b0 24 del programa \u201cCon Maduro +\u201d, el jefe de Estado y Gobierno venezolano, Nicol\u00e1s Maduro, al destacar que \u201cVenezuela es socio confiable de Vietnam\u201d, inform\u00f3 nuestro pa\u00eds se prepara para nuevos planes de cooperaci\u00f3n con la naci\u00f3n asi\u00e1tica. \u201cHay grandes y nuevos planes de cooperaci\u00f3n con Vietnam en [&hellip;]<\/p>\n","protected":false},"author":6,"featured_media":7850,"comment_status":"open","ping_status":"open","sticky":false,"template":"","format":"standard","meta":{"footnotes":""},"categories":[18,7],"tags":[],"class_list":["post-7849","post","type-post","status-publish","format-standard","has-post-thumbnail","hentry","category-noticias-principales","category-notas-de-prensa"],"_links":{"self":[{"href":"https:\/\/prensapresidencialvenezuela.gob.ve\/index.php\/wp-json\/wp\/v2\/posts\/7849","targetHints":{"allow":["GET"]}}],"collection":[{"href":"https:\/\/prensapresidencialvenezuela.gob.ve\/index.php\/wp-json\/wp\/v2\/posts"}],"about":[{"href":"https:\/\/prensapresidencialvenezuela.gob.ve\/index.php\/wp-json\/wp\/v2\/types\/post"}],"author":[{"embeddable":true,"href":"https:\/\/prensapresidencialvenezuela.gob.ve\/index.php\/wp-json\/wp\/v2\/users\/6"}],"replies":[{"embeddable":true,"href":"https:\/\/prensapresidencialvenezuela.gob.ve\/index.php\/wp-json\/wp\/v2\/comments?post=7849"}],"version-history":[{"count":1,"href":"https:\/\/prensapresidencialvenezuela.gob.ve\/index.php\/wp-json\/wp\/v2\/posts\/7849\/revisions"}],"predecessor-version":[{"id":7851,"href":"https:\/\/prensapresidencialvenezuela.gob.ve\/index.php\/wp-json\/wp\/v2\/posts\/7849\/revisions\/7851"}],"wp:featuredmedia":[{"embeddable":true,"href":"https:\/\/prensapresidencialvenezuela.gob.ve\/index.php\/wp-json\/wp\/v2\/media\/7850"}],"wp:attachment":[{"href":"https:\/\/prensapresidencialvenezuela.gob.ve\/index.php\/wp-json\/wp\/v2\/media?parent=7849"}],"wp:term":[{"taxonomy":"category","embeddable":true,"href":"https:\/\/prensapresidencialvenezuela.gob.ve\/index.php\/wp-json\/wp\/v2\/categories?post=7849"},{"taxonomy":"post_tag","embeddable":true,"href":"https:\/\/prensapresidencialvenezuela.gob.ve\/index.php\/wp-json\/wp\/v2\/tags?post=7849"}],"curies":[{"name":"wp","href":"https:\/\/api.w.org\/{rel}","templated":true}]}}