{"id":7855,"date":"2023-11-06T16:45:00","date_gmt":"2023-11-06T16:45:00","guid":{"rendered":"http:\/\/172.27.0.121\/?p=7855"},"modified":"2023-11-22T16:50:44","modified_gmt":"2023-11-22T16:50:44","slug":"propuestas-de-dussel-son-realidad-con-el-poder-popular-venezolano-en-accion","status":"publish","type":"post","link":"https:\/\/prensapresidencialvenezuela.gob.ve\/index.php\/2023\/11\/06\/propuestas-de-dussel-son-realidad-con-el-poder-popular-venezolano-en-accion\/","title":{"rendered":"Propuestas de Dussel son realidad con el Poder Popular venezolano en acci\u00f3n"},"content":{"rendered":"\n<p><strong>Palacio de Miraflores, Caracas. \u2013<\/strong>\u201cLa Revoluci\u00f3n Bolivariana asume las tesis filos\u00f3ficas, pol\u00edticas, program\u00e1ticas y te\u00f3ricas de Enrique Dussel\u201d, asever\u00f3 el presidente de la Rep\u00fablica Bolivariana de Venezuela, Nicol\u00e1s Maduro, durante su programa \u201cCon Maduro +\u201d, desde el Palacio de Miraflores, en Caracas, al solidarizarse con familiares, amigos, estudiantes y seguidores del fil\u00f3sofo, Enrique Dussel, quien falleci\u00f3 en la noche del domingo 5 de noviembre, en Ciudad de M\u00e9xico, a los 88 a\u00f1os y ser\u00e1 recordado como el fundador de la Filosof\u00eda de la Liberaci\u00f3n.<\/p>\n\n\n\n<p>Con el libro&nbsp;<em>Siete ensayos de filosof\u00eda de la liberaci\u00f3n: Hacia una fundamentaci\u00f3n del giro decolonial<\/em>, en la mano, el Mandatario venezolano rememor\u00f3 de manera cronol\u00f3gica a Dussel como el gran amigo del comandante Hugo Rafael Ch\u00e1vez Fr\u00edas.<\/p>\n\n\n\n<p>\u201cMe consta que el comandante Ch\u00e1vez estudiaba y debat\u00eda todas las propuestas de Dussel\u201d, y que \u201cbuena parte de las propuestas de Dussel llevaron a la creaci\u00f3n de los Consejos Comunales, las Comunas, el Poder Comunal, el Poder Obediencial, la nueva hegemon\u00eda pol\u00edtica \u2013 popular, los grandes conceptos\u201d.<\/p>\n\n\n\n<p>El Jefe de Estado destac\u00f3 que fueron diversas las agendas de trabajo que comparti\u00f3 con el gran fil\u00f3sofo de la liberaci\u00f3n y la decolonizaci\u00f3n. \u201cLo recib\u00ed en Caracas en varias oportunidades, a familiares, sus alumnos y seguidores, mis palabras de condolencias\u201d.<\/p>\n\n\n\n<p>\u201cDussel fue ganador del Premio Pensamiento Cr\u00edtico y aqu\u00ed lo recibimos. Dussel est\u00e1 en nuestra biblioteca permanente, Enrique Dussel; y estar\u00e1 en toda la lucha permanente. \u00c9l es uno de los grandes referentes en la escuela de Sim\u00f3n Rodr\u00edguez, Jos\u00e9 Mart\u00ed, en la escuela de los grandes pensadores\u201d, subray\u00f3 el Dignatario venezolano.<\/p>\n\n\n\n<p>Tambi\u00e9n sobre la obra de Enrique Dussel , el presidente Maduro coment\u00f3 que el \u201cgran fil\u00f3sofo de nuestra Am\u00e9rica, naci\u00f3 en Argentina, en 1943, desarroll\u00f3 buena parte de su obra filos\u00f3fica, pol\u00edtica e ideol\u00f3gica, desde M\u00e9xico\u201d, y que en su trayectoria insisti\u00f3 \u201cmucho en decolonizar culturalmente, mentalmente, pol\u00edticamente nuestras sociedades porque vencimos a los colonialistas espa\u00f1oles, hace 200 a\u00f1os, pero el colonialismo qued\u00f3 en la mente de los que despu\u00e9s traicionaron a Bol\u00edvar e impusieron un r\u00e9gimen de dominaci\u00f3n olig\u00e1rquica hasta que lleg\u00f3 el comandante Ch\u00e1vez en 1998\u201d.<\/p>\n\n\n\n<p>\u201cHemos estado derrotando al imperialismo norteamericano, pero la hegemon\u00eda cultural \u2013 colonialista del imperialismo norteamericano toca a todas las generaciones, el gran Enrique Dussel, que en paz descanse. Inmortalidad a su alma pido. Honor y Gloria a Enrique Dussel por siempre\u201d, puntualiz\u00f3 el Mandatario nacional.<\/p>\n\n\n\n<p><strong>Prensa Presidencial \/ Ana\u00eds P\u00e9rez<\/strong><\/p>\n","protected":false},"excerpt":{"rendered":"<p>Palacio de Miraflores, Caracas. \u2013\u201cLa Revoluci\u00f3n Bolivariana asume las tesis filos\u00f3ficas, pol\u00edticas, program\u00e1ticas y te\u00f3ricas de Enrique Dussel\u201d, asever\u00f3 el presidente de la Rep\u00fablica Bolivariana de Venezuela, Nicol\u00e1s Maduro, durante su programa \u201cCon Maduro +\u201d, desde el Palacio de Miraflores, en Caracas, al solidarizarse con familiares, amigos, estudiantes y seguidores del fil\u00f3sofo, Enrique Dussel, quien [&hellip;]<\/p>\n","protected":false},"author":6,"featured_media":7856,"comment_status":"open","ping_status":"open","sticky":false,"template":"","format":"standard","meta":{"footnotes":""},"categories":[18,7],"tags":[],"class_list":["post-7855","post","type-post","status-publish","format-standard","has-post-thumbnail","hentry","category-noticias-principales","category-notas-de-prensa"],"_links":{"self":[{"href":"https:\/\/prensapresidencialvenezuela.gob.ve\/index.php\/wp-json\/wp\/v2\/posts\/7855","targetHints":{"allow":["GET"]}}],"collection":[{"href":"https:\/\/prensapresidencialvenezuela.gob.ve\/index.php\/wp-json\/wp\/v2\/posts"}],"about":[{"href":"https:\/\/prensapresidencialvenezuela.gob.ve\/index.php\/wp-json\/wp\/v2\/types\/post"}],"author":[{"embeddable":true,"href":"https:\/\/prensapresidencialvenezuela.gob.ve\/index.php\/wp-json\/wp\/v2\/users\/6"}],"replies":[{"embeddable":true,"href":"https:\/\/prensapresidencialvenezuela.gob.ve\/index.php\/wp-json\/wp\/v2\/comments?post=7855"}],"version-history":[{"count":1,"href":"https:\/\/prensapresidencialvenezuela.gob.ve\/index.php\/wp-json\/wp\/v2\/posts\/7855\/revisions"}],"predecessor-version":[{"id":7857,"href":"https:\/\/prensapresidencialvenezuela.gob.ve\/index.php\/wp-json\/wp\/v2\/posts\/7855\/revisions\/7857"}],"wp:featuredmedia":[{"embeddable":true,"href":"https:\/\/prensapresidencialvenezuela.gob.ve\/index.php\/wp-json\/wp\/v2\/media\/7856"}],"wp:attachment":[{"href":"https:\/\/prensapresidencialvenezuela.gob.ve\/index.php\/wp-json\/wp\/v2\/media?parent=7855"}],"wp:term":[{"taxonomy":"category","embeddable":true,"href":"https:\/\/prensapresidencialvenezuela.gob.ve\/index.php\/wp-json\/wp\/v2\/categories?post=7855"},{"taxonomy":"post_tag","embeddable":true,"href":"https:\/\/prensapresidencialvenezuela.gob.ve\/index.php\/wp-json\/wp\/v2\/tags?post=7855"}],"curies":[{"name":"wp","href":"https:\/\/api.w.org\/{rel}","templated":true}]}}