{"id":7875,"date":"2023-11-06T17:52:00","date_gmt":"2023-11-06T17:52:00","guid":{"rendered":"http:\/\/172.27.0.121\/?p=7875"},"modified":"2023-11-22T18:00:28","modified_gmt":"2023-11-22T18:00:28","slug":"comunidades-confian-en-el-1x10-del-buen-gobierno","status":"publish","type":"post","link":"https:\/\/prensapresidencialvenezuela.gob.ve\/index.php\/2023\/11\/06\/comunidades-confian-en-el-1x10-del-buen-gobierno\/","title":{"rendered":"Comunidades conf\u00edan en el 1\u00d710 del Buen Gobierno"},"content":{"rendered":"\n<p><strong>Palacio de Miraflores, Caracas.-<\/strong>&nbsp;En el marco del 1\u00d710 del Buen Gobierno, el Presidente de la Rep\u00fablica, Nicol\u00e1s Maduro, contin\u00faa atendiendo de primera mano las denuncias que llegan a trav\u00e9s de la aplicaci\u00f3n VenApp.<\/p>\n\n\n\n<p>En esta oportunidad, se comunic\u00f3 con el se\u00f1or Javier Blanco Garc\u00eda, quien es miembro de la comuna \u201cSue\u00f1o del Gigante Eterno\u201d y del consejo comunal \u201cLa Uni\u00f3n de la Fuente\u201d, ubicado en el sector uno Alto de los Godos, en el estado Monagas.<\/p>\n\n\n\n<p>Durante el contacto telef\u00f3nico realizado en su programa \u201cCon Maduro +\u201d, Blanco dio a conocer algunas problem\u00e1ticas que est\u00e1 atravesando su comunidad.<\/p>\n\n\n\n<p>\u201cUn cable que sufri\u00f3 una aver\u00eda por reducci\u00f3n el\u00e9ctrica y entonces nos hemos quedado sin \u2013servicio- CANTV e Internet 120 familias (\u2026)la VenApp, como siempre, me ha resuelto algunos problemas aqu\u00ed de botes de agua en la comunidad\u201d, se\u00f1al\u00f3.<\/p>\n\n\n\n<p>Al respecto, el Mandatario nacional apoyo el inicio de las labores en la zona, para ello sostuvo una conversaci\u00f3n con el gobernador de la entidad monaguense, Ernesto Luna, y con el presidente de la CANTV, M\/G Jes\u00fas Aldana, con quienes acord\u00f3 inmediatez en la respuesta.<\/p>\n\n\n\n<p>El dirigente comunitario, Javier Blanco, tambi\u00e9n expuso al Presidente la necesidad de atender a la Unidad Educativa Francisco Verde, con una baranda de protecci\u00f3n en la parte alta de la instituci\u00f3n, de igual forma, plante\u00f3 \u201cnecesitamos unos cuatrocientos pupitres porque se est\u00e1n dividiendo los cursos, dos turnos, y entonces tienen que esperar que se desocupe un aula para colocar la otra secci\u00f3n\u201d.<\/p>\n\n\n\n<p>El Dignatario apunt\u00f3 que este planteamiento debe ser resuelto con urgencia.<\/p>\n\n\n\n<p>\u201cEs un tema vinculado a la educaci\u00f3n y la educaci\u00f3n es sagrada. Vamos a hacer un esfuerzo. Aqu\u00ed est\u00e1 la ministra \u2013de educaci\u00f3n- Yelitze Santaella, que ustedes conocen bien, ha tomado nota y debe actuar de inmediato, ya esta semana el tema de esos mesa sillas y pupitres debe resolverse\u201d.<\/p>\n\n\n\n<p>Blanco indic\u00f3 que otra situaci\u00f3n que les aqueja es la necesidad en el m\u00f3dulo de salud Cepres La Fuente, ya que no cuenta con aire acondicionado, tambi\u00e9n se hace imperativa la instalaci\u00f3n de una nevera y una camilla para poder cumplir con las inmunizaciones del sector.<\/p>\n\n\n\n<p>As\u00ed mismo, inform\u00f3 que en el \u00e1rea se requiere una bomba de agua adicional y la sustituci\u00f3n de postes que ya se encuentran en avanzado estado de deterioro.<\/p>\n\n\n\n<p>Frente a esta detallada exposici\u00f3n el presidente Maduro giro instrucciones: \u201cAl ministro \u2013N\u00e9stor- Reverol que mande su equipo de inmediato all\u00e1 a sustituir los postes, el ministro Rodolfo Marcos Torres de inmediato atender todo este tema de las bombas de agua y el gobernador tome nota Ernesto \u2013Luna-, vete a esa comunidad de inmediato, te re\u00fanes con el Poder Popular y arrancamos con el 1\u00d710\u201d.<\/p>\n\n\n\n<p><strong>Prensa Presidencial \/ Mar\u00eda Mercedes Noguera<\/strong><\/p>\n","protected":false},"excerpt":{"rendered":"<p>Palacio de Miraflores, Caracas.-&nbsp;En el marco del 1\u00d710 del Buen Gobierno, el Presidente de la Rep\u00fablica, Nicol\u00e1s Maduro, contin\u00faa atendiendo de primera mano las denuncias que llegan a trav\u00e9s de la aplicaci\u00f3n VenApp. En esta oportunidad, se comunic\u00f3 con el se\u00f1or Javier Blanco Garc\u00eda, quien es miembro de la comuna \u201cSue\u00f1o del Gigante Eterno\u201d y [&hellip;]<\/p>\n","protected":false},"author":6,"featured_media":7876,"comment_status":"open","ping_status":"open","sticky":false,"template":"","format":"standard","meta":{"footnotes":""},"categories":[18,7],"tags":[],"class_list":["post-7875","post","type-post","status-publish","format-standard","has-post-thumbnail","hentry","category-noticias-principales","category-notas-de-prensa"],"_links":{"self":[{"href":"https:\/\/prensapresidencialvenezuela.gob.ve\/index.php\/wp-json\/wp\/v2\/posts\/7875","targetHints":{"allow":["GET"]}}],"collection":[{"href":"https:\/\/prensapresidencialvenezuela.gob.ve\/index.php\/wp-json\/wp\/v2\/posts"}],"about":[{"href":"https:\/\/prensapresidencialvenezuela.gob.ve\/index.php\/wp-json\/wp\/v2\/types\/post"}],"author":[{"embeddable":true,"href":"https:\/\/prensapresidencialvenezuela.gob.ve\/index.php\/wp-json\/wp\/v2\/users\/6"}],"replies":[{"embeddable":true,"href":"https:\/\/prensapresidencialvenezuela.gob.ve\/index.php\/wp-json\/wp\/v2\/comments?post=7875"}],"version-history":[{"count":1,"href":"https:\/\/prensapresidencialvenezuela.gob.ve\/index.php\/wp-json\/wp\/v2\/posts\/7875\/revisions"}],"predecessor-version":[{"id":7877,"href":"https:\/\/prensapresidencialvenezuela.gob.ve\/index.php\/wp-json\/wp\/v2\/posts\/7875\/revisions\/7877"}],"wp:featuredmedia":[{"embeddable":true,"href":"https:\/\/prensapresidencialvenezuela.gob.ve\/index.php\/wp-json\/wp\/v2\/media\/7876"}],"wp:attachment":[{"href":"https:\/\/prensapresidencialvenezuela.gob.ve\/index.php\/wp-json\/wp\/v2\/media?parent=7875"}],"wp:term":[{"taxonomy":"category","embeddable":true,"href":"https:\/\/prensapresidencialvenezuela.gob.ve\/index.php\/wp-json\/wp\/v2\/categories?post=7875"},{"taxonomy":"post_tag","embeddable":true,"href":"https:\/\/prensapresidencialvenezuela.gob.ve\/index.php\/wp-json\/wp\/v2\/tags?post=7875"}],"curies":[{"name":"wp","href":"https:\/\/api.w.org\/{rel}","templated":true}]}}