{"id":7885,"date":"2023-11-06T18:13:00","date_gmt":"2023-11-06T18:13:00","guid":{"rendered":"http:\/\/172.27.0.121\/?p=7885"},"modified":"2023-11-22T18:20:33","modified_gmt":"2023-11-22T18:20:33","slug":"presidente-saludo-inicio-de-campana-en-defensa-del-esequibo-rumbo-al-3-d","status":"publish","type":"post","link":"https:\/\/prensapresidencialvenezuela.gob.ve\/index.php\/2023\/11\/06\/presidente-saludo-inicio-de-campana-en-defensa-del-esequibo-rumbo-al-3-d\/","title":{"rendered":"Presidente salud\u00f3 inicio de campa\u00f1a en defensa del Esequibo rumbo al 3-D"},"content":{"rendered":"\n<p><strong>Palacio de Miraflores, Caracas.-<\/strong>&nbsp;El presidente de la Rep\u00fablica, Nicol\u00e1s Maduro, salud\u00f3 las movilizaciones que se han realizado en los 335 municipios del pa\u00eds con motivo del inicio de la campa\u00f1a que convoca a los venezolanos y venezolanas a participar en el refer\u00e9ndum consultivo sobre el territorio Esequibo.<\/p>\n\n\n\n<p>Durante su programa semanal \u201cCon Maduro +\u201d, el Jefe de Estado refiri\u00f3 que todo el pueblo se ha lanzado a las calles en unidad y sin divisiones para alzar su voz y ratificar el car\u00e1cter soberano de Venezuela.<\/p>\n\n\n\n<p>\u201cNunca hab\u00eda sucedido en Venezuela un fen\u00f3meno socio pol\u00edtico cultural del nivel que hemos visto el d\u00eda de hoy\u201d, afirm\u00f3 el Presidente.<\/p>\n\n\n\n<p>Asimismo, salud\u00f3 el trote protagonizado por la Fuerza Armada Nacional Bolivariana (FANB) en todas las circunscripciones del territorio nacional para decir a una sola voz \u201cVenezuela toda\u201d.<\/p>\n\n\n\n<p>El presidente Maduro llam\u00f3 a los venezolanos y venezolanas a unirse por la defensa de nuestros derechos hist\u00f3ricos sobre el territorio Esequibo e invit\u00f3 a ejercer el derecho al sufragio el pr\u00f3ximo 3 de diciembre.<\/p>\n\n\n\n<p>\u201cNo podemos dejar que nadie nos divida en la gran causa nacional de recuperar la tierra que nos dejaron nuestros Libertadores. Aqu\u00ed no es un tema de si usted es de un partido u otro\u201d enfatiz\u00f3 el Mandatario nacional, al tiempo que se\u00f1al\u00f3 que \u201ces la hora en la que suena la campana de la uni\u00f3n nacional por nuestros derechos hist\u00f3ricos\u201d.<\/p>\n\n\n\n<p>Detall\u00f3 que los venezolanos y venezolanas no pueden permitir que la Exxon Mobil cumpla sus pretensiones de \u201crobarnos lo que es nuestro, lo que nos dejaron nuestros Libertadores\u201d.<\/p>\n\n\n\n<p>En ese sentido, record\u00f3 las cinco preguntas presentadas por el Consejo Nacional Electoral para que el pueblo venezolano elija, con su voto durante la pr\u00f3xima cita comicial, el camino a seguir.<\/p>\n\n\n\n<ol class=\"wp-block-list\"><li>\u00bfEst\u00e1 usted de acuerdo en rechazar por todos los medios, conforme al derecho, la l\u00ednea impuesta fraudulentamente por el laudo arbitral de Par\u00eds de 1899, que pretende despojarnos de nuestra Guayana Esequiba?<\/li><li>\u00bfApoya usted el Acuerdo de Ginebra de 1966 como \u00fanico instrumento jur\u00eddico valido para alcanzar una soluci\u00f3n pr\u00e1ctica y satisfactoria para Venezuela y Guyana, en torno a la controversia sobre el territorio de la Guayana Esequiba?<\/li><li>\u00bfEst\u00e1 usted de acuerdo con la posici\u00f3n hist\u00f3rica de Venezuela de no reconocer la Jurisdicci\u00f3n de la Corte Internacional de Justicia para resolver la controversia territorial sobre la Guayana Esequiba?<\/li><li>\u00bfEst\u00e1 usted de acuerdo en oponerse, por todos los medios conforme a derecho, a la pretensi\u00f3n de Guyana de disponer unilateralmente de un mar pendiente por delimitar, de manera ilegal y en violaci\u00f3n del derecho internacional?<\/li><li>\u00bfEst\u00e1 usted de acuerdo con la creaci\u00f3n del estado Guayana Esequiba y se desarrolle un plan acelerado para la atenci\u00f3n integral a la poblaci\u00f3n actual y futura de ese territorio que incluya entre otros el otorgamiento de la ciudadan\u00eda y c\u00e9dula de identidad venezolana, conforme al Acuerdo de Ginebra y el Derecho Internacional, incorporando en consecuencia dicho estado en el mapa del territorio venezolano?<\/li><\/ol>\n\n\n\n<p><strong>Prensa Presidencial \/ Bianca Borrero \u00a0<\/strong><\/p>\n","protected":false},"excerpt":{"rendered":"<p>Palacio de Miraflores, Caracas.-&nbsp;El presidente de la Rep\u00fablica, Nicol\u00e1s Maduro, salud\u00f3 las movilizaciones que se han realizado en los 335 municipios del pa\u00eds con motivo del inicio de la campa\u00f1a que convoca a los venezolanos y venezolanas a participar en el refer\u00e9ndum consultivo sobre el territorio Esequibo. Durante su programa semanal \u201cCon Maduro +\u201d, el [&hellip;]<\/p>\n","protected":false},"author":6,"featured_media":7886,"comment_status":"open","ping_status":"open","sticky":false,"template":"","format":"standard","meta":{"footnotes":""},"categories":[18,7],"tags":[],"class_list":["post-7885","post","type-post","status-publish","format-standard","has-post-thumbnail","hentry","category-noticias-principales","category-notas-de-prensa"],"_links":{"self":[{"href":"https:\/\/prensapresidencialvenezuela.gob.ve\/index.php\/wp-json\/wp\/v2\/posts\/7885","targetHints":{"allow":["GET"]}}],"collection":[{"href":"https:\/\/prensapresidencialvenezuela.gob.ve\/index.php\/wp-json\/wp\/v2\/posts"}],"about":[{"href":"https:\/\/prensapresidencialvenezuela.gob.ve\/index.php\/wp-json\/wp\/v2\/types\/post"}],"author":[{"embeddable":true,"href":"https:\/\/prensapresidencialvenezuela.gob.ve\/index.php\/wp-json\/wp\/v2\/users\/6"}],"replies":[{"embeddable":true,"href":"https:\/\/prensapresidencialvenezuela.gob.ve\/index.php\/wp-json\/wp\/v2\/comments?post=7885"}],"version-history":[{"count":1,"href":"https:\/\/prensapresidencialvenezuela.gob.ve\/index.php\/wp-json\/wp\/v2\/posts\/7885\/revisions"}],"predecessor-version":[{"id":7887,"href":"https:\/\/prensapresidencialvenezuela.gob.ve\/index.php\/wp-json\/wp\/v2\/posts\/7885\/revisions\/7887"}],"wp:featuredmedia":[{"embeddable":true,"href":"https:\/\/prensapresidencialvenezuela.gob.ve\/index.php\/wp-json\/wp\/v2\/media\/7886"}],"wp:attachment":[{"href":"https:\/\/prensapresidencialvenezuela.gob.ve\/index.php\/wp-json\/wp\/v2\/media?parent=7885"}],"wp:term":[{"taxonomy":"category","embeddable":true,"href":"https:\/\/prensapresidencialvenezuela.gob.ve\/index.php\/wp-json\/wp\/v2\/categories?post=7885"},{"taxonomy":"post_tag","embeddable":true,"href":"https:\/\/prensapresidencialvenezuela.gob.ve\/index.php\/wp-json\/wp\/v2\/tags?post=7885"}],"curies":[{"name":"wp","href":"https:\/\/api.w.org\/{rel}","templated":true}]}}