{"id":7892,"date":"2023-11-06T18:28:00","date_gmt":"2023-11-06T18:28:00","guid":{"rendered":"http:\/\/172.27.0.121\/?p=7892"},"modified":"2023-11-22T18:34:42","modified_gmt":"2023-11-22T18:34:42","slug":"presidente-maduro-invito-a-participar-en-simulacro-electoral-del-19-n","status":"publish","type":"post","link":"https:\/\/prensapresidencialvenezuela.gob.ve\/index.php\/2023\/11\/06\/presidente-maduro-invito-a-participar-en-simulacro-electoral-del-19-n\/","title":{"rendered":"Presidente Maduro invit\u00f3 a participar en simulacro electoral del 19-N"},"content":{"rendered":"\n<p><strong>Palacio de Miraflores, Caracas.-<\/strong>&nbsp;\u201cEl pr\u00f3ximo domingo 19 de noviembre vamos al simulacro, que el pueblo de Venezuela se prepare para el 3 de diciembre\u201d, as\u00ed lo dijo el presidente de la Rep\u00fablica Bolivariana de Venezuela, Nicol\u00e1s Maduro Moros, al saludar el llamado realizado por el Consejo Nacional Electoral (CNE) de cara al refer\u00e9ndum consultivo sobre el territorio Esequibo.<\/p>\n\n\n\n<p>Durante su programa semanal \u201cCon Maduro +\u201d, el Mandatario llam\u00f3 a dar el debate en las calles y hacer una campa\u00f1a ejemplar para que el pueblo conozca los detalles de los derechos hist\u00f3ricos que tiene Venezuela sobre el territorio Esequibo.<\/p>\n\n\n\n<p>\u201cNo podemos dejar que nadie nos divida en la gran causa nacional de recuperar la tierra que nos dejaron nuestros Libertadores. Aqu\u00ed no es un tema de si usted es de un partido u otro\u201d enfatiz\u00f3 el Mandatario nacional, al tiempo que se\u00f1al\u00f3 que \u201ces la hora en la que suena la campana de la uni\u00f3n nacional por nuestros derechos hist\u00f3ricos\u201d.<\/p>\n\n\n\n<p>En contexto, el Poder Electoral venezolano anunci\u00f3 que el pr\u00f3ximo 19 de noviembre se realizar\u00e1 un simulacro de votaci\u00f3n de cara al refer\u00e9ndum consultivo sobre la Guayana Esequiba.<\/p>\n\n\n\n<p>En este sentido, ser\u00e1n habilitadas un total mil mesas de votaci\u00f3n en 485 centros electorales para que la poblaci\u00f3n pueda familiarizarse con el sistema.<\/p>\n\n\n\n<p>El Consejo Nacional Electoral se desplegar\u00e1 por todo el territorio nacional y sostendr\u00e1 encuentros con distintas organizaciones con fines pol\u00edticos y gremios que hacen vida en el pa\u00eds, con el objetivo de otorgar la informaci\u00f3n sobre este proceso.<\/p>\n\n\n\n<p><strong>Prensa Presidencial \/ Bianca Borrero<\/strong><\/p>\n","protected":false},"excerpt":{"rendered":"<p>Palacio de Miraflores, Caracas.-&nbsp;\u201cEl pr\u00f3ximo domingo 19 de noviembre vamos al simulacro, que el pueblo de Venezuela se prepare para el 3 de diciembre\u201d, as\u00ed lo dijo el presidente de la Rep\u00fablica Bolivariana de Venezuela, Nicol\u00e1s Maduro Moros, al saludar el llamado realizado por el Consejo Nacional Electoral (CNE) de cara al refer\u00e9ndum consultivo sobre [&hellip;]<\/p>\n","protected":false},"author":6,"featured_media":7893,"comment_status":"open","ping_status":"open","sticky":false,"template":"","format":"standard","meta":{"footnotes":""},"categories":[18,7],"tags":[],"class_list":["post-7892","post","type-post","status-publish","format-standard","has-post-thumbnail","hentry","category-noticias-principales","category-notas-de-prensa"],"_links":{"self":[{"href":"https:\/\/prensapresidencialvenezuela.gob.ve\/index.php\/wp-json\/wp\/v2\/posts\/7892","targetHints":{"allow":["GET"]}}],"collection":[{"href":"https:\/\/prensapresidencialvenezuela.gob.ve\/index.php\/wp-json\/wp\/v2\/posts"}],"about":[{"href":"https:\/\/prensapresidencialvenezuela.gob.ve\/index.php\/wp-json\/wp\/v2\/types\/post"}],"author":[{"embeddable":true,"href":"https:\/\/prensapresidencialvenezuela.gob.ve\/index.php\/wp-json\/wp\/v2\/users\/6"}],"replies":[{"embeddable":true,"href":"https:\/\/prensapresidencialvenezuela.gob.ve\/index.php\/wp-json\/wp\/v2\/comments?post=7892"}],"version-history":[{"count":1,"href":"https:\/\/prensapresidencialvenezuela.gob.ve\/index.php\/wp-json\/wp\/v2\/posts\/7892\/revisions"}],"predecessor-version":[{"id":7894,"href":"https:\/\/prensapresidencialvenezuela.gob.ve\/index.php\/wp-json\/wp\/v2\/posts\/7892\/revisions\/7894"}],"wp:featuredmedia":[{"embeddable":true,"href":"https:\/\/prensapresidencialvenezuela.gob.ve\/index.php\/wp-json\/wp\/v2\/media\/7893"}],"wp:attachment":[{"href":"https:\/\/prensapresidencialvenezuela.gob.ve\/index.php\/wp-json\/wp\/v2\/media?parent=7892"}],"wp:term":[{"taxonomy":"category","embeddable":true,"href":"https:\/\/prensapresidencialvenezuela.gob.ve\/index.php\/wp-json\/wp\/v2\/categories?post=7892"},{"taxonomy":"post_tag","embeddable":true,"href":"https:\/\/prensapresidencialvenezuela.gob.ve\/index.php\/wp-json\/wp\/v2\/tags?post=7892"}],"curies":[{"name":"wp","href":"https:\/\/api.w.org\/{rel}","templated":true}]}}