{"id":7923,"date":"2023-11-07T20:05:00","date_gmt":"2023-11-07T20:05:00","guid":{"rendered":"http:\/\/172.27.0.121\/?p=7923"},"modified":"2023-11-22T20:17:22","modified_gmt":"2023-11-22T20:17:22","slug":"presidente-maduro-lidera-acto-de-union-nacional-en-defensa-del-esequibo","status":"publish","type":"post","link":"https:\/\/prensapresidencialvenezuela.gob.ve\/index.php\/2023\/11\/07\/presidente-maduro-lidera-acto-de-union-nacional-en-defensa-del-esequibo\/","title":{"rendered":"Presidente Maduro lidera acto de uni\u00f3n nacional en defensa del Esequibo"},"content":{"rendered":"\n<p><strong>Teatro Teresa Carre\u00f1o, Caracas.-&nbsp;<\/strong>El presidente de la Rep\u00fablica Bolivariana de Venezuela, Nicol\u00e1s Maduro, lidera acto de uni\u00f3n nacional por la defensa de la Guayana Esequiba, que se realiza en la Sala R\u00edos Reyna del Teatro Teresa Carre\u00f1o de Caracas.<\/p>\n\n\n\n<p>A su llegada, el Presidente se desplaza por una exposici\u00f3n en la cual los asistentes pueden conocer sobre el proceso hist\u00f3rico que ha librado nuestro pa\u00eds en torno a la controversia por el territorio Esequibo.<\/p>\n\n\n\n<p>Acompa\u00f1an al Dignatario bolivariano, la primera combatiente y diputada a la Asamblea Nacional, Cilia Flores; la vicepresidenta Ejecutiva, Delcy Rodr\u00edguez; el ministro del Poder Popular para la Defensa, Vladimir Padrino L\u00f3pez; entre otras autoridades del Gobierno nacional y regional.<\/p>\n\n\n\n<p>Participan en este evento, igualmente, representantes de todos los Poderes P\u00fablicos, sectores econ\u00f3micos, pol\u00edticos, educativos, culturales y movimientos sociales que hacen vida en&nbsp; el pa\u00eds.<\/p>\n\n\n\n<p>En la v\u00edspera del refer\u00e9ndum consultivo, el jefe de Estado convoc\u00f3 al pueblo a sumarse a la campa\u00f1a nacional \u00abVenezuela Toda\u00bb, generar debate y conciencia sobre los derechos que la naci\u00f3n posee desde la creaci\u00f3n de la Capitan\u00eda General de la Rep\u00fablica.<\/p>\n\n\n\n<p>Adem\u00e1s, el Presidente Maduro afirm\u00f3 que ante las pretensiones de la ExxonMobil de hacerse ilegalmente de las riquezas del Esequibo, el pueblo venezolano se unir\u00e1 y dar\u00e1 una contundente respuesta, el pr\u00f3ximo 3 de diciembre, en defensa de un territorio que nos fue dado por las luchas de nuestros Libertadores.<\/p>\n\n\n\n<p>En ese contexto, los venezolanos y las venezolanas est\u00e1n llamados a alzar su voz a trav\u00e9s del ejercicio del voto para decirle al mundo que \u00abEl sol de Venezuela nace en el Esequibo\u00bb.<\/p>\n\n\n\n<p><strong>Defensor de la integridad territorial<\/strong><\/p>\n\n\n\n<p>La ocasi\u00f3n ser\u00eda propicia para otorgar el ascenso al grado de General de Brigada del coronel e historiador venezolano Pompeyo Jos\u00e9 Torrealba Rivero, caracterizado por ser uno de los mayores estudiosos de los derechos hist\u00f3ricos de Venezuela sobre la Guayana Esequiba.<\/p>\n\n\n\n<p>De manos del Presidente Nicol\u00e1s Maduro, Torrealba Rivero recibe las caponas y presillas en reconocimiento a su compromiso y lealtad en defensa de la soberan\u00eda y la integridad territorial.<\/p>\n\n\n\n<p><strong>Prensa Presidencial<\/strong><a rel=\"noreferrer noopener\" href=\"https:\/\/mail.google.com\/mail\/u\/0\/?view=cm&amp;fs=1&amp;su=Presidente+Maduro+lidera+acto+de+uni%C3%B3n+nacional+en+defensa+del+Esequibo&amp;body=http:\/\/www.minci.gob.ve\/presidente-maduro-lidera-acto-de-union-nacional-en-defensa-del-esequibo\/&amp;ui=2&amp;tf=1\" target=\"_blank\"><\/a><\/p>\n","protected":false},"excerpt":{"rendered":"<p>Teatro Teresa Carre\u00f1o, Caracas.-&nbsp;El presidente de la Rep\u00fablica Bolivariana de Venezuela, Nicol\u00e1s Maduro, lidera acto de uni\u00f3n nacional por la defensa de la Guayana Esequiba, que se realiza en la Sala R\u00edos Reyna del Teatro Teresa Carre\u00f1o de Caracas. A su llegada, el Presidente se desplaza por una exposici\u00f3n en la cual los asistentes pueden [&hellip;]<\/p>\n","protected":false},"author":6,"featured_media":7924,"comment_status":"open","ping_status":"open","sticky":false,"template":"","format":"standard","meta":{"footnotes":""},"categories":[18,7],"tags":[],"class_list":["post-7923","post","type-post","status-publish","format-standard","has-post-thumbnail","hentry","category-noticias-principales","category-notas-de-prensa"],"_links":{"self":[{"href":"https:\/\/prensapresidencialvenezuela.gob.ve\/index.php\/wp-json\/wp\/v2\/posts\/7923","targetHints":{"allow":["GET"]}}],"collection":[{"href":"https:\/\/prensapresidencialvenezuela.gob.ve\/index.php\/wp-json\/wp\/v2\/posts"}],"about":[{"href":"https:\/\/prensapresidencialvenezuela.gob.ve\/index.php\/wp-json\/wp\/v2\/types\/post"}],"author":[{"embeddable":true,"href":"https:\/\/prensapresidencialvenezuela.gob.ve\/index.php\/wp-json\/wp\/v2\/users\/6"}],"replies":[{"embeddable":true,"href":"https:\/\/prensapresidencialvenezuela.gob.ve\/index.php\/wp-json\/wp\/v2\/comments?post=7923"}],"version-history":[{"count":1,"href":"https:\/\/prensapresidencialvenezuela.gob.ve\/index.php\/wp-json\/wp\/v2\/posts\/7923\/revisions"}],"predecessor-version":[{"id":7925,"href":"https:\/\/prensapresidencialvenezuela.gob.ve\/index.php\/wp-json\/wp\/v2\/posts\/7923\/revisions\/7925"}],"wp:featuredmedia":[{"embeddable":true,"href":"https:\/\/prensapresidencialvenezuela.gob.ve\/index.php\/wp-json\/wp\/v2\/media\/7924"}],"wp:attachment":[{"href":"https:\/\/prensapresidencialvenezuela.gob.ve\/index.php\/wp-json\/wp\/v2\/media?parent=7923"}],"wp:term":[{"taxonomy":"category","embeddable":true,"href":"https:\/\/prensapresidencialvenezuela.gob.ve\/index.php\/wp-json\/wp\/v2\/categories?post=7923"},{"taxonomy":"post_tag","embeddable":true,"href":"https:\/\/prensapresidencialvenezuela.gob.ve\/index.php\/wp-json\/wp\/v2\/tags?post=7923"}],"curies":[{"name":"wp","href":"https:\/\/api.w.org\/{rel}","templated":true}]}}