{"id":7927,"date":"2023-11-07T16:34:00","date_gmt":"2023-11-07T16:34:00","guid":{"rendered":"http:\/\/172.27.0.121\/?p=7927"},"modified":"2023-11-28T17:45:33","modified_gmt":"2023-11-28T17:45:33","slug":"el-3-d-se-decidira-el-futuro-de-la-guayana-esequiba-para-venezuela","status":"publish","type":"post","link":"https:\/\/prensapresidencialvenezuela.gob.ve\/index.php\/2023\/11\/07\/el-3-d-se-decidira-el-futuro-de-la-guayana-esequiba-para-venezuela\/","title":{"rendered":"El 3-D se decidir\u00e1 el futuro de la Guayana Esequiba para Venezuela"},"content":{"rendered":"\n<p><strong>Teatro Teresa Carre\u00f1o, Caracas.- <\/strong>A trav\u00e9s del voto, el domingo 3 de diciembre se decidir\u00e1 el futuro del territorio de la Guayana Esequiba para Venezuela.<\/p>\n\n\n\n<p>La afirmaci\u00f3n corresponde al presidente de la Rep\u00fablica, Nicol\u00e1s Maduro, quien exhort\u00f3 a los venezolanos a incorporarse al debate dial\u00e9ctico \u201cpara se\u00f1alar los rumbos de la recuperaci\u00f3n de nuestros derechos hist\u00f3ricos\u201d y, sobre todo, fijar posici\u00f3n \u201csobre temas hist\u00f3ricos de presente y futuro sobre la Guayana Esequiba\u201d.<\/p>\n\n\n\n<p>Durante su intervenci\u00f3n en el Acto de Uni\u00f3n Nacional en Defensa de la Guayana Esequiba, que se realiza en el Teatro Teresa Carre\u00f1o, ubicado en Caracas, instruy\u00f3 a sumar esfuerzos para compartir \u2013a trav\u00e9s de iniciativas pedag\u00f3gicas- los elementos que caracterizan la controversia sobre el territorio del Esequibo, especialmente en el contexto de las jornadas informativas de la campa\u00f1a \u201cVenezuela Toda\u201d.<\/p>\n\n\n\n<p>Precisamente, en relaci\u00f3n al inicio de la campa\u00f1a electoral a prop\u00f3sito de la consulta popular del 3 de diciembre, el jefe de Estado puntualiz\u00f3 que \u201cha arrancado con un debate respetuoso, esclarecedor y con las ganas del pueblo de saber la verdad, de defender la verdad y salir al ruedo a poner la cara por el pa\u00eds\u201d.<\/p>\n\n\n\n<p>Explic\u00f3 que \u201cVenezuela Toda\u201d est\u00e1 definida por su car\u00e1cter pedag\u00f3gico, cient\u00edfico e hist\u00f3rico, raz\u00f3n por la cual debe asumirse como \u201cuna campa\u00f1a creadora de conciencia nacional, constructora de lazos de uni\u00f3n entre todos los venezolanos\u201d.<\/p>\n\n\n\n<p>La etiqueta #5VecesS\u00ed caracteriza la campa\u00f1a \u201cVenezuela Toda\u201d, que inici\u00f3 el lunes 6 de noviembre y se extender\u00e1 hasta el viernes 1\u00b0 de diciembre, a prop\u00f3sito del refer\u00e9ndum consultivo en defensa de la Guayana Esequiba.<\/p>\n\n\n\n<p><strong>Prensa Presidencial \/ Karelis Gonz\u00e1lez<\/strong><\/p>\n","protected":false},"excerpt":{"rendered":"<p>Teatro Teresa Carre\u00f1o, Caracas.- A trav\u00e9s del voto, el domingo 3 de diciembre se decidir\u00e1 el futuro del territorio de la Guayana Esequiba para Venezuela. La afirmaci\u00f3n corresponde al presidente de la Rep\u00fablica, Nicol\u00e1s Maduro, quien exhort\u00f3 a los venezolanos a incorporarse al debate dial\u00e9ctico \u201cpara se\u00f1alar los rumbos de la recuperaci\u00f3n de nuestros derechos [&hellip;]<\/p>\n","protected":false},"author":6,"featured_media":7928,"comment_status":"open","ping_status":"open","sticky":false,"template":"","format":"standard","meta":{"footnotes":""},"categories":[18,7],"tags":[30,19,27,20],"class_list":["post-7927","post","type-post","status-publish","format-standard","has-post-thumbnail","hentry","category-noticias-principales","category-notas-de-prensa","tag-destacado","tag-nicolas-maduro","tag-revolucion-bolivariana","tag-venezuela"],"_links":{"self":[{"href":"https:\/\/prensapresidencialvenezuela.gob.ve\/index.php\/wp-json\/wp\/v2\/posts\/7927","targetHints":{"allow":["GET"]}}],"collection":[{"href":"https:\/\/prensapresidencialvenezuela.gob.ve\/index.php\/wp-json\/wp\/v2\/posts"}],"about":[{"href":"https:\/\/prensapresidencialvenezuela.gob.ve\/index.php\/wp-json\/wp\/v2\/types\/post"}],"author":[{"embeddable":true,"href":"https:\/\/prensapresidencialvenezuela.gob.ve\/index.php\/wp-json\/wp\/v2\/users\/6"}],"replies":[{"embeddable":true,"href":"https:\/\/prensapresidencialvenezuela.gob.ve\/index.php\/wp-json\/wp\/v2\/comments?post=7927"}],"version-history":[{"count":2,"href":"https:\/\/prensapresidencialvenezuela.gob.ve\/index.php\/wp-json\/wp\/v2\/posts\/7927\/revisions"}],"predecessor-version":[{"id":7932,"href":"https:\/\/prensapresidencialvenezuela.gob.ve\/index.php\/wp-json\/wp\/v2\/posts\/7927\/revisions\/7932"}],"wp:featuredmedia":[{"embeddable":true,"href":"https:\/\/prensapresidencialvenezuela.gob.ve\/index.php\/wp-json\/wp\/v2\/media\/7928"}],"wp:attachment":[{"href":"https:\/\/prensapresidencialvenezuela.gob.ve\/index.php\/wp-json\/wp\/v2\/media?parent=7927"}],"wp:term":[{"taxonomy":"category","embeddable":true,"href":"https:\/\/prensapresidencialvenezuela.gob.ve\/index.php\/wp-json\/wp\/v2\/categories?post=7927"},{"taxonomy":"post_tag","embeddable":true,"href":"https:\/\/prensapresidencialvenezuela.gob.ve\/index.php\/wp-json\/wp\/v2\/tags?post=7927"}],"curies":[{"name":"wp","href":"https:\/\/api.w.org\/{rel}","templated":true}]}}