{"id":7940,"date":"2024-04-08T19:07:44","date_gmt":"2024-04-08T19:07:44","guid":{"rendered":"http:\/\/172.27.0.121\/?p=7940"},"modified":"2024-04-15T14:55:31","modified_gmt":"2024-04-15T18:55:31","slug":"presidencialven-en-linea-n-51","status":"publish","type":"post","link":"https:\/\/prensapresidencialvenezuela.gob.ve\/index.php\/2024\/04\/08\/presidencialven-en-linea-n-51\/","title":{"rendered":"PresidencialVen en L\u00ednea | N\u00b0 51"},"content":{"rendered":"\n<p>En este episodio de PresidencialVen en L\u00ednea conoce las medidas adoptadas por el presidente Nicol\u00e1s Maduro en defensa de la soberan\u00eda nacional.<\/p>\n\n\n\n<figure class=\"wp-block-audio\"><audio controls src=\"https:\/\/prensapresidencialvenezuela.gob.ve\/wp-content\/uploads\/2024\/04\/PRESIDENCIAL-VEN-N\u00b051.mp3\"><\/audio><\/figure>\n","protected":false},"excerpt":{"rendered":"<p>En este episodio de PresidencialVen en L\u00ednea conoce las medidas adoptadas por el presidente Nicol\u00e1s Maduro en defensa de la soberan\u00eda nacional.<\/p>\n","protected":false},"author":1,"featured_media":7939,"comment_status":"open","ping_status":"open","sticky":false,"template":"","format":"standard","meta":{"footnotes":""},"categories":[3],"tags":[118],"class_list":["post-7940","post","type-post","status-publish","format-standard","has-post-thumbnail","hentry","category-contenido-de-audios","tag-podcast"],"_links":{"self":[{"href":"https:\/\/prensapresidencialvenezuela.gob.ve\/index.php\/wp-json\/wp\/v2\/posts\/7940","targetHints":{"allow":["GET"]}}],"collection":[{"href":"https:\/\/prensapresidencialvenezuela.gob.ve\/index.php\/wp-json\/wp\/v2\/posts"}],"about":[{"href":"https:\/\/prensapresidencialvenezuela.gob.ve\/index.php\/wp-json\/wp\/v2\/types\/post"}],"author":[{"embeddable":true,"href":"https:\/\/prensapresidencialvenezuela.gob.ve\/index.php\/wp-json\/wp\/v2\/users\/1"}],"replies":[{"embeddable":true,"href":"https:\/\/prensapresidencialvenezuela.gob.ve\/index.php\/wp-json\/wp\/v2\/comments?post=7940"}],"version-history":[{"count":2,"href":"https:\/\/prensapresidencialvenezuela.gob.ve\/index.php\/wp-json\/wp\/v2\/posts\/7940\/revisions"}],"predecessor-version":[{"id":8742,"href":"https:\/\/prensapresidencialvenezuela.gob.ve\/index.php\/wp-json\/wp\/v2\/posts\/7940\/revisions\/8742"}],"wp:featuredmedia":[{"embeddable":true,"href":"https:\/\/prensapresidencialvenezuela.gob.ve\/index.php\/wp-json\/wp\/v2\/media\/7939"}],"wp:attachment":[{"href":"https:\/\/prensapresidencialvenezuela.gob.ve\/index.php\/wp-json\/wp\/v2\/media?parent=7940"}],"wp:term":[{"taxonomy":"category","embeddable":true,"href":"https:\/\/prensapresidencialvenezuela.gob.ve\/index.php\/wp-json\/wp\/v2\/categories?post=7940"},{"taxonomy":"post_tag","embeddable":true,"href":"https:\/\/prensapresidencialvenezuela.gob.ve\/index.php\/wp-json\/wp\/v2\/tags?post=7940"}],"curies":[{"name":"wp","href":"https:\/\/api.w.org\/{rel}","templated":true}]}}