{"id":7970,"date":"2024-02-05T19:28:14","date_gmt":"2024-02-05T19:28:14","guid":{"rendered":"http:\/\/172.27.0.121\/?p=7970"},"modified":"2024-04-12T19:29:31","modified_gmt":"2024-04-12T19:29:31","slug":"presidencialven-en-linea-n42","status":"publish","type":"post","link":"https:\/\/prensapresidencialvenezuela.gob.ve\/index.php\/2024\/02\/05\/presidencialven-en-linea-n42\/","title":{"rendered":"PresidencialVen en L\u00ednea | N\u00b042"},"content":{"rendered":"\n<p>La soberan\u00eda e integridad territorial, la democracia participativa y protag\u00f3nica y la recuperaci\u00f3n del estado de bienestar social del pueblo venezolano son pilares fundamentales de la gesti\u00f3n del presidente Nicol\u00e1s Maduro.<\/p>\n\n\n\n<p>M\u00e1s detalles en este episodio de PresidencialVen en L\u00ednea.<\/p>\n\n\n\n<figure class=\"wp-block-audio\"><audio controls src=\"https:\/\/prensapresidencialvenezuela.gob.ve\/wp-content\/uploads\/2024\/04\/PRESIDENCIAL-VEN-N\u00b042.mp3\"><\/audio><\/figure>\n","protected":false},"excerpt":{"rendered":"<p>La soberan\u00eda e integridad territorial, la democracia participativa y protag\u00f3nica y la recuperaci\u00f3n del estado de bienestar social del pueblo venezolano son pilares fundamentales de la gesti\u00f3n del presidente Nicol\u00e1s Maduro. M\u00e1s detalles en este episodio de PresidencialVen en L\u00ednea.<\/p>\n","protected":false},"author":1,"featured_media":7939,"comment_status":"open","ping_status":"open","sticky":false,"template":"","format":"standard","meta":{"footnotes":""},"categories":[3],"tags":[118],"class_list":["post-7970","post","type-post","status-publish","format-standard","has-post-thumbnail","hentry","category-contenido-de-audios","tag-podcast"],"_links":{"self":[{"href":"https:\/\/prensapresidencialvenezuela.gob.ve\/index.php\/wp-json\/wp\/v2\/posts\/7970","targetHints":{"allow":["GET"]}}],"collection":[{"href":"https:\/\/prensapresidencialvenezuela.gob.ve\/index.php\/wp-json\/wp\/v2\/posts"}],"about":[{"href":"https:\/\/prensapresidencialvenezuela.gob.ve\/index.php\/wp-json\/wp\/v2\/types\/post"}],"author":[{"embeddable":true,"href":"https:\/\/prensapresidencialvenezuela.gob.ve\/index.php\/wp-json\/wp\/v2\/users\/1"}],"replies":[{"embeddable":true,"href":"https:\/\/prensapresidencialvenezuela.gob.ve\/index.php\/wp-json\/wp\/v2\/comments?post=7970"}],"version-history":[{"count":1,"href":"https:\/\/prensapresidencialvenezuela.gob.ve\/index.php\/wp-json\/wp\/v2\/posts\/7970\/revisions"}],"predecessor-version":[{"id":7972,"href":"https:\/\/prensapresidencialvenezuela.gob.ve\/index.php\/wp-json\/wp\/v2\/posts\/7970\/revisions\/7972"}],"wp:featuredmedia":[{"embeddable":true,"href":"https:\/\/prensapresidencialvenezuela.gob.ve\/index.php\/wp-json\/wp\/v2\/media\/7939"}],"wp:attachment":[{"href":"https:\/\/prensapresidencialvenezuela.gob.ve\/index.php\/wp-json\/wp\/v2\/media?parent=7970"}],"wp:term":[{"taxonomy":"category","embeddable":true,"href":"https:\/\/prensapresidencialvenezuela.gob.ve\/index.php\/wp-json\/wp\/v2\/categories?post=7970"},{"taxonomy":"post_tag","embeddable":true,"href":"https:\/\/prensapresidencialvenezuela.gob.ve\/index.php\/wp-json\/wp\/v2\/tags?post=7970"}],"curies":[{"name":"wp","href":"https:\/\/api.w.org\/{rel}","templated":true}]}}