{"id":7981,"date":"2024-01-15T19:33:07","date_gmt":"2024-01-15T19:33:07","guid":{"rendered":"http:\/\/172.27.0.121\/?p=7981"},"modified":"2024-04-12T19:34:30","modified_gmt":"2024-04-12T19:34:30","slug":"presidencialven-en-linea-n-39","status":"publish","type":"post","link":"https:\/\/prensapresidencialvenezuela.gob.ve\/index.php\/2024\/01\/15\/presidencialven-en-linea-n-39\/","title":{"rendered":"PresidencialVen en L\u00ednea | N\u00b0 39"},"content":{"rendered":"\n<p>Reivindicar la memoria hist\u00f3rica es el llamado que realiza el presidente de la Rep\u00fablica, Nicol\u00e1s Maduro, en el inicio del a\u00f1o 2024. Ent\u00e9rate de m\u00e1s en el nuevo episodio de PresidencialVen en L\u00ednea.<\/p>\n\n\n\n<figure class=\"wp-block-audio\"><audio controls src=\"https:\/\/prensapresidencialvenezuela.gob.ve\/wp-content\/uploads\/2024\/04\/PresidencialVen-N\u00b039.mp3\"><\/audio><\/figure>\n","protected":false},"excerpt":{"rendered":"<p>Reivindicar la memoria hist\u00f3rica es el llamado que realiza el presidente de la Rep\u00fablica, Nicol\u00e1s Maduro, en el inicio del a\u00f1o 2024. Ent\u00e9rate de m\u00e1s en el nuevo episodio de PresidencialVen en L\u00ednea.<\/p>\n","protected":false},"author":1,"featured_media":7939,"comment_status":"open","ping_status":"open","sticky":false,"template":"","format":"standard","meta":{"footnotes":""},"categories":[3],"tags":[118],"class_list":["post-7981","post","type-post","status-publish","format-standard","has-post-thumbnail","hentry","category-contenido-de-audios","tag-podcast"],"_links":{"self":[{"href":"https:\/\/prensapresidencialvenezuela.gob.ve\/index.php\/wp-json\/wp\/v2\/posts\/7981","targetHints":{"allow":["GET"]}}],"collection":[{"href":"https:\/\/prensapresidencialvenezuela.gob.ve\/index.php\/wp-json\/wp\/v2\/posts"}],"about":[{"href":"https:\/\/prensapresidencialvenezuela.gob.ve\/index.php\/wp-json\/wp\/v2\/types\/post"}],"author":[{"embeddable":true,"href":"https:\/\/prensapresidencialvenezuela.gob.ve\/index.php\/wp-json\/wp\/v2\/users\/1"}],"replies":[{"embeddable":true,"href":"https:\/\/prensapresidencialvenezuela.gob.ve\/index.php\/wp-json\/wp\/v2\/comments?post=7981"}],"version-history":[{"count":1,"href":"https:\/\/prensapresidencialvenezuela.gob.ve\/index.php\/wp-json\/wp\/v2\/posts\/7981\/revisions"}],"predecessor-version":[{"id":7983,"href":"https:\/\/prensapresidencialvenezuela.gob.ve\/index.php\/wp-json\/wp\/v2\/posts\/7981\/revisions\/7983"}],"wp:featuredmedia":[{"embeddable":true,"href":"https:\/\/prensapresidencialvenezuela.gob.ve\/index.php\/wp-json\/wp\/v2\/media\/7939"}],"wp:attachment":[{"href":"https:\/\/prensapresidencialvenezuela.gob.ve\/index.php\/wp-json\/wp\/v2\/media?parent=7981"}],"wp:term":[{"taxonomy":"category","embeddable":true,"href":"https:\/\/prensapresidencialvenezuela.gob.ve\/index.php\/wp-json\/wp\/v2\/categories?post=7981"},{"taxonomy":"post_tag","embeddable":true,"href":"https:\/\/prensapresidencialvenezuela.gob.ve\/index.php\/wp-json\/wp\/v2\/tags?post=7981"}],"curies":[{"name":"wp","href":"https:\/\/api.w.org\/{rel}","templated":true}]}}