{"id":7993,"date":"2023-12-25T19:36:36","date_gmt":"2023-12-25T19:36:36","guid":{"rendered":"http:\/\/172.27.0.121\/?p=7993"},"modified":"2024-04-12T19:38:09","modified_gmt":"2024-04-12T19:38:09","slug":"presidencialven-en-linea-n-36","status":"publish","type":"post","link":"https:\/\/prensapresidencialvenezuela.gob.ve\/index.php\/2023\/12\/25\/presidencialven-en-linea-n-36\/","title":{"rendered":"PresidencialVen en L\u00ednea | N\u00b0 36"},"content":{"rendered":"\n<p>Venezuela celebra la liberaci\u00f3n del diplom\u00e1tico Alex Saab y el triunfo de la verdad y la justicia. Conozca m\u00e1s detalles en el reciente episodio de PresidencialVen en L\u00ednea.<\/p>\n\n\n\n<figure class=\"wp-block-audio\"><audio controls src=\"https:\/\/prensapresidencialvenezuela.gob.ve\/wp-content\/uploads\/2024\/04\/PRESIDENCIAL-VEN-No-36.mp3\"><\/audio><\/figure>\n","protected":false},"excerpt":{"rendered":"<p>Venezuela celebra la liberaci\u00f3n del diplom\u00e1tico Alex Saab y el triunfo de la verdad y la justicia. Conozca m\u00e1s detalles en el reciente episodio de PresidencialVen en L\u00ednea.<\/p>\n","protected":false},"author":1,"featured_media":7985,"comment_status":"open","ping_status":"open","sticky":false,"template":"","format":"standard","meta":{"footnotes":""},"categories":[3],"tags":[118],"class_list":["post-7993","post","type-post","status-publish","format-standard","has-post-thumbnail","hentry","category-contenido-de-audios","tag-podcast"],"_links":{"self":[{"href":"https:\/\/prensapresidencialvenezuela.gob.ve\/index.php\/wp-json\/wp\/v2\/posts\/7993","targetHints":{"allow":["GET"]}}],"collection":[{"href":"https:\/\/prensapresidencialvenezuela.gob.ve\/index.php\/wp-json\/wp\/v2\/posts"}],"about":[{"href":"https:\/\/prensapresidencialvenezuela.gob.ve\/index.php\/wp-json\/wp\/v2\/types\/post"}],"author":[{"embeddable":true,"href":"https:\/\/prensapresidencialvenezuela.gob.ve\/index.php\/wp-json\/wp\/v2\/users\/1"}],"replies":[{"embeddable":true,"href":"https:\/\/prensapresidencialvenezuela.gob.ve\/index.php\/wp-json\/wp\/v2\/comments?post=7993"}],"version-history":[{"count":1,"href":"https:\/\/prensapresidencialvenezuela.gob.ve\/index.php\/wp-json\/wp\/v2\/posts\/7993\/revisions"}],"predecessor-version":[{"id":7995,"href":"https:\/\/prensapresidencialvenezuela.gob.ve\/index.php\/wp-json\/wp\/v2\/posts\/7993\/revisions\/7995"}],"wp:featuredmedia":[{"embeddable":true,"href":"https:\/\/prensapresidencialvenezuela.gob.ve\/index.php\/wp-json\/wp\/v2\/media\/7985"}],"wp:attachment":[{"href":"https:\/\/prensapresidencialvenezuela.gob.ve\/index.php\/wp-json\/wp\/v2\/media?parent=7993"}],"wp:term":[{"taxonomy":"category","embeddable":true,"href":"https:\/\/prensapresidencialvenezuela.gob.ve\/index.php\/wp-json\/wp\/v2\/categories?post=7993"},{"taxonomy":"post_tag","embeddable":true,"href":"https:\/\/prensapresidencialvenezuela.gob.ve\/index.php\/wp-json\/wp\/v2\/tags?post=7993"}],"curies":[{"name":"wp","href":"https:\/\/api.w.org\/{rel}","templated":true}]}}