{"id":80,"date":"2022-03-22T20:35:19","date_gmt":"2022-03-22T20:35:19","guid":{"rendered":"http:\/\/10.0.0.92\/?p=80"},"modified":"2022-05-11T16:58:56","modified_gmt":"2022-05-11T16:58:56","slug":"presentan-nuevo-sistema-de-investigacion-antiextorsion-y-secuestro","status":"publish","type":"post","link":"https:\/\/prensapresidencialvenezuela.gob.ve\/index.php\/2022\/03\/22\/presentan-nuevo-sistema-de-investigacion-antiextorsion-y-secuestro\/","title":{"rendered":"Presentan nuevo Sistema de Investigaci\u00f3n Antiextorsi\u00f3n y Secuestro"},"content":{"rendered":"<p>Este martes tuvo lugar el acto de presentaci\u00f3n, implementaci\u00f3n y despliegue del \u201cSistema de Investigaci\u00f3n Antiextorsi\u00f3n y Secuestro\u201d (SIAES) a cargo del A\/J Remigio Ceballos Ichaso, ministro del Poder Popular para Relaciones Interiores, Justicia y Paz.<\/p>\n<p>Ceballos anunci\u00f3 desde su cuenta oficial de Twitter que esta herramienta tecnol\u00f3gica est\u00e1 dise\u00f1ada en el marco del V\u00e9rtice 11 para el registro, b\u00fasqueda, consulta y verificaci\u00f3n de datos vinculados a la investigaci\u00f3n de los delitos de extorsi\u00f3n y secuestro.<\/p>\n<p>El evento, que se realiz\u00f3 desde el \u201csal\u00f3n Bicentenario\u201d en la sede del Cuerpo de Investigaciones Cient\u00edficas, Penales y Criminal\u00edsticas (Cicpc),\u00a0<span class=\"css-901oao css-16my406 r-poiln3 r-bcqeeo r-qvutc0\">sirvi\u00f3 para explicar que el \u00absistema integrado posee interface con los sistemas del SAIME, INTT<\/span><span class=\"css-901oao css-16my406 r-poiln3 r-bcqeeo r-qvutc0\">, SIIPOL\u00a0<\/span><span class=\"css-901oao css-16my406 r-poiln3 r-bcqeeo r-qvutc0\">y permitir\u00e1 generar una base de datos consolidada, as\u00ed como estad\u00edsticas para el seguimiento, control y toma de decisiones acertadas para el combate de las bandas criminales a nivel nacional\u00bb, en palabras del funcionario.<\/span><\/p>\n<p>Durante el acto, igualmente Ceballos aprovech\u00f3 para resaltar que desde los cuerpos de seguridad siguen \u00abavanzando a trav\u00e9s de la Gran Misi\u00f3n Cuadrantes de Paz, cumpliendo con el fortalecimiento de los \u00d3rganos de Seguridad Ciudadana y la Investigaci\u00f3n Penal Criminal, impulsando la innovaci\u00f3n, la investigaci\u00f3n cient\u00edfica y el desarrollo tecnol\u00f3gico protegiendo al pueblo\u00bb, finaliz\u00f3. \/ CM\/JML<\/p>\n","protected":false},"excerpt":{"rendered":"<p>Este martes tuvo lugar el acto de presentaci\u00f3n, implementaci\u00f3n y despliegue del \u201cSistema de Investigaci\u00f3n Antiextorsi\u00f3n y Secuestro\u201d (SIAES) a cargo del A\/J Remigio Ceballos Ichaso, ministro del Poder Popular para Relaciones Interiores, Justicia y Paz. Ceballos anunci\u00f3 desde su cuenta oficial de Twitter que esta herramienta tecnol\u00f3gica est\u00e1 dise\u00f1ada en el marco del V\u00e9rtice [&hellip;]<\/p>\n","protected":false},"author":1,"featured_media":0,"comment_status":"closed","ping_status":"open","sticky":false,"template":"","format":"standard","meta":{"footnotes":""},"categories":[7],"tags":[],"class_list":["post-80","post","type-post","status-publish","format-standard","hentry","category-notas-de-prensa"],"_links":{"self":[{"href":"https:\/\/prensapresidencialvenezuela.gob.ve\/index.php\/wp-json\/wp\/v2\/posts\/80","targetHints":{"allow":["GET"]}}],"collection":[{"href":"https:\/\/prensapresidencialvenezuela.gob.ve\/index.php\/wp-json\/wp\/v2\/posts"}],"about":[{"href":"https:\/\/prensapresidencialvenezuela.gob.ve\/index.php\/wp-json\/wp\/v2\/types\/post"}],"author":[{"embeddable":true,"href":"https:\/\/prensapresidencialvenezuela.gob.ve\/index.php\/wp-json\/wp\/v2\/users\/1"}],"replies":[{"embeddable":true,"href":"https:\/\/prensapresidencialvenezuela.gob.ve\/index.php\/wp-json\/wp\/v2\/comments?post=80"}],"version-history":[{"count":1,"href":"https:\/\/prensapresidencialvenezuela.gob.ve\/index.php\/wp-json\/wp\/v2\/posts\/80\/revisions"}],"predecessor-version":[{"id":82,"href":"https:\/\/prensapresidencialvenezuela.gob.ve\/index.php\/wp-json\/wp\/v2\/posts\/80\/revisions\/82"}],"wp:attachment":[{"href":"https:\/\/prensapresidencialvenezuela.gob.ve\/index.php\/wp-json\/wp\/v2\/media?parent=80"}],"wp:term":[{"taxonomy":"category","embeddable":true,"href":"https:\/\/prensapresidencialvenezuela.gob.ve\/index.php\/wp-json\/wp\/v2\/categories?post=80"},{"taxonomy":"post_tag","embeddable":true,"href":"https:\/\/prensapresidencialvenezuela.gob.ve\/index.php\/wp-json\/wp\/v2\/tags?post=80"}],"curies":[{"name":"wp","href":"https:\/\/api.w.org\/{rel}","templated":true}]}}