{"id":8001,"date":"2023-12-11T19:39:32","date_gmt":"2023-12-11T19:39:32","guid":{"rendered":"http:\/\/172.27.0.121\/?p=8001"},"modified":"2024-04-12T19:40:52","modified_gmt":"2024-04-12T19:40:52","slug":"presidencialven-en-linea-n-34","status":"publish","type":"post","link":"https:\/\/prensapresidencialvenezuela.gob.ve\/index.php\/2023\/12\/11\/presidencialven-en-linea-n-34\/","title":{"rendered":"PresidencialVen en L\u00ednea | N\u00b0 34"},"content":{"rendered":"\n<p>En este episodio de PresidencialVen en L\u00ednea conoce los decretos firmados por el presidente, Nicol\u00e1s Maduro, para garantizar la protecci\u00f3n y defensa de la Guayana Esequiba.<\/p>\n\n\n\n<figure class=\"wp-block-audio\"><audio controls src=\"https:\/\/prensapresidencialvenezuela.gob.ve\/wp-content\/uploads\/2024\/04\/PresidencialVen-N\u00b0-34.mp3\"><\/audio><\/figure>\n","protected":false},"excerpt":{"rendered":"<p>En este episodio de PresidencialVen en L\u00ednea conoce los decretos firmados por el presidente, Nicol\u00e1s Maduro, para garantizar la protecci\u00f3n y defensa de la Guayana Esequiba.<\/p>\n","protected":false},"author":1,"featured_media":8005,"comment_status":"open","ping_status":"open","sticky":false,"template":"","format":"standard","meta":{"footnotes":""},"categories":[3],"tags":[118],"class_list":["post-8001","post","type-post","status-publish","format-standard","has-post-thumbnail","hentry","category-contenido-de-audios","tag-podcast"],"_links":{"self":[{"href":"https:\/\/prensapresidencialvenezuela.gob.ve\/index.php\/wp-json\/wp\/v2\/posts\/8001","targetHints":{"allow":["GET"]}}],"collection":[{"href":"https:\/\/prensapresidencialvenezuela.gob.ve\/index.php\/wp-json\/wp\/v2\/posts"}],"about":[{"href":"https:\/\/prensapresidencialvenezuela.gob.ve\/index.php\/wp-json\/wp\/v2\/types\/post"}],"author":[{"embeddable":true,"href":"https:\/\/prensapresidencialvenezuela.gob.ve\/index.php\/wp-json\/wp\/v2\/users\/1"}],"replies":[{"embeddable":true,"href":"https:\/\/prensapresidencialvenezuela.gob.ve\/index.php\/wp-json\/wp\/v2\/comments?post=8001"}],"version-history":[{"count":1,"href":"https:\/\/prensapresidencialvenezuela.gob.ve\/index.php\/wp-json\/wp\/v2\/posts\/8001\/revisions"}],"predecessor-version":[{"id":8006,"href":"https:\/\/prensapresidencialvenezuela.gob.ve\/index.php\/wp-json\/wp\/v2\/posts\/8001\/revisions\/8006"}],"wp:featuredmedia":[{"embeddable":true,"href":"https:\/\/prensapresidencialvenezuela.gob.ve\/index.php\/wp-json\/wp\/v2\/media\/8005"}],"wp:attachment":[{"href":"https:\/\/prensapresidencialvenezuela.gob.ve\/index.php\/wp-json\/wp\/v2\/media?parent=8001"}],"wp:term":[{"taxonomy":"category","embeddable":true,"href":"https:\/\/prensapresidencialvenezuela.gob.ve\/index.php\/wp-json\/wp\/v2\/categories?post=8001"},{"taxonomy":"post_tag","embeddable":true,"href":"https:\/\/prensapresidencialvenezuela.gob.ve\/index.php\/wp-json\/wp\/v2\/tags?post=8001"}],"curies":[{"name":"wp","href":"https:\/\/api.w.org\/{rel}","templated":true}]}}