{"id":8029,"date":"2024-01-08T19:54:04","date_gmt":"2024-01-08T19:54:04","guid":{"rendered":"http:\/\/172.27.0.121\/?p=8029"},"modified":"2024-04-12T19:56:00","modified_gmt":"2024-04-12T19:56:00","slug":"presidente-maduro-recibe-notificacion-del-inicio-del-periodo-de-sesiones-2024-2025-de-la-an","status":"publish","type":"post","link":"https:\/\/prensapresidencialvenezuela.gob.ve\/index.php\/2024\/01\/08\/presidente-maduro-recibe-notificacion-del-inicio-del-periodo-de-sesiones-2024-2025-de-la-an\/","title":{"rendered":"Presidente Maduro recibe notificaci\u00f3n del inicio del per\u00edodo de sesiones 2024-2025 de la AN"},"content":{"rendered":"\n<p><strong>Palacio de Miraflores, Caracas.- <\/strong>El presidente de la Rep\u00fablica Bolivariana de Venezuela, Nicol\u00e1s Maduro, recibe este lunes la notificaci\u00f3n del inicio del per\u00edodo de sesiones ordinarias 2024-2025 de la Asamblea Nacional (AN) ratificada.<\/p>\n\n\n\n<p>El encuentro -que se realiza en el Sal\u00f3n Bol\u00edvar del Palacio de Miraflores- re\u00fane a los diputados y diputadas del Bloque de la Patria, liderada por el presidente del Parlamento Nacional, Jorge Rodr\u00edguez, el primer vicepresidente, Pedro Infante y Am\u00e9rica P\u00e9rez, segunda vicepresidenta.<\/p>\n\n\n\n<p>El pasado viernes 05 de enero, el Mandatario celebr\u00f3 la ratificaci\u00f3n de la Junta Directiva de la AN.<\/p>\n\n\n\n<p>\u201cFelicito a la nueva Junta Directiva de la verdadera y \u00fanica Asamblea Nacional de la Rep\u00fablica Bolivariana de Venezuela para el periodo 2024-2025, quienes hoy ratifican su compromiso en ser los fieles defensores de una causa hist\u00f3rica y un proyecto de Patria\u201d, expres\u00f3 a trav\u00e9s de su cuenta en la red social X @NicolasMaduro.<\/p>\n\n\n\n<p>En contexto, el Poder Legislativo ha aprobado 74 leyes de gran impacto \u201cpara crear nuevas oportunidades de trabajo, reconstruir la econom\u00eda, recuperar el estado de bienestar social y ampliar los derechos pol\u00edticos y libertades de Venezuela\u201d, resalt\u00f3 el Dignatario durante una reuni\u00f3n sostenida el jueves 04 de enero con diputados y diputadas del Bloque de la Patria.<\/p>\n\n\n\n<p>Acompa\u00f1an al Jefe de Estado, la primera combatiente y diputada a la AN, Cilia Flores de Maduro, la vicepresidenta Ejecutiva de la Rep\u00fablica, Delcy Rodr\u00edguez, entre otras autoridades.<\/p>\n\n\n\n<p><strong>Prensa Presidencial\/Joelin Jim\u00e9nez<\/strong><\/p>\n","protected":false},"excerpt":{"rendered":"<p>Palacio de Miraflores, Caracas.- El presidente de la Rep\u00fablica Bolivariana de Venezuela, Nicol\u00e1s Maduro, recibe este lunes la notificaci\u00f3n del inicio del per\u00edodo de sesiones ordinarias 2024-2025 de la Asamblea Nacional (AN) ratificada. El encuentro -que se realiza en el Sal\u00f3n Bol\u00edvar del Palacio de Miraflores- re\u00fane a los diputados y diputadas del Bloque de [&hellip;]<\/p>\n","protected":false},"author":1,"featured_media":8032,"comment_status":"open","ping_status":"open","sticky":false,"template":"","format":"standard","meta":{"footnotes":""},"categories":[7],"tags":[],"class_list":["post-8029","post","type-post","status-publish","format-standard","has-post-thumbnail","hentry","category-notas-de-prensa"],"_links":{"self":[{"href":"https:\/\/prensapresidencialvenezuela.gob.ve\/index.php\/wp-json\/wp\/v2\/posts\/8029","targetHints":{"allow":["GET"]}}],"collection":[{"href":"https:\/\/prensapresidencialvenezuela.gob.ve\/index.php\/wp-json\/wp\/v2\/posts"}],"about":[{"href":"https:\/\/prensapresidencialvenezuela.gob.ve\/index.php\/wp-json\/wp\/v2\/types\/post"}],"author":[{"embeddable":true,"href":"https:\/\/prensapresidencialvenezuela.gob.ve\/index.php\/wp-json\/wp\/v2\/users\/1"}],"replies":[{"embeddable":true,"href":"https:\/\/prensapresidencialvenezuela.gob.ve\/index.php\/wp-json\/wp\/v2\/comments?post=8029"}],"version-history":[{"count":1,"href":"https:\/\/prensapresidencialvenezuela.gob.ve\/index.php\/wp-json\/wp\/v2\/posts\/8029\/revisions"}],"predecessor-version":[{"id":8033,"href":"https:\/\/prensapresidencialvenezuela.gob.ve\/index.php\/wp-json\/wp\/v2\/posts\/8029\/revisions\/8033"}],"wp:featuredmedia":[{"embeddable":true,"href":"https:\/\/prensapresidencialvenezuela.gob.ve\/index.php\/wp-json\/wp\/v2\/media\/8032"}],"wp:attachment":[{"href":"https:\/\/prensapresidencialvenezuela.gob.ve\/index.php\/wp-json\/wp\/v2\/media?parent=8029"}],"wp:term":[{"taxonomy":"category","embeddable":true,"href":"https:\/\/prensapresidencialvenezuela.gob.ve\/index.php\/wp-json\/wp\/v2\/categories?post=8029"},{"taxonomy":"post_tag","embeddable":true,"href":"https:\/\/prensapresidencialvenezuela.gob.ve\/index.php\/wp-json\/wp\/v2\/tags?post=8029"}],"curies":[{"name":"wp","href":"https:\/\/api.w.org\/{rel}","templated":true}]}}