{"id":8037,"date":"2023-11-07T20:20:00","date_gmt":"2023-11-07T20:20:00","guid":{"rendered":"http:\/\/172.27.0.121\/?p=8037"},"modified":"2024-04-12T20:00:31","modified_gmt":"2024-04-12T20:00:31","slug":"presidente-maduro-convoca-al-debate-para-afianzar-posicion-soberana-sobre-el-esequibo","status":"publish","type":"post","link":"https:\/\/prensapresidencialvenezuela.gob.ve\/index.php\/2023\/11\/07\/presidente-maduro-convoca-al-debate-para-afianzar-posicion-soberana-sobre-el-esequibo\/","title":{"rendered":"Presidente Maduro convoca al debate para afianzar posici\u00f3n soberana sobre el Esequibo"},"content":{"rendered":"\n<p><strong>Teatro Teresa Carre\u00f1o, Caracas.- <\/strong>A partir del an\u00e1lisis de los seis momentos de la controversia sobre el territorio de la Guayana Esequiba, el presidente de la Rep\u00fablica, Nicol\u00e1s Maduro, convoc\u00f3 al debate sincero que permita \u201cencontrarnos, reencontrarnos y unirnos en ideas fuertes defendidas por todos\u201d.<\/p>\n\n\n\n<p>\u201cAsumiendo esta metodolog\u00eda de trabajo, pudi\u00e9ramos hacer un intercambio que arranque hoy y que se profundice en redes, calles, medios y paredes, que se profundice en la conversaci\u00f3n de la sociedad venezolana. Un debate que nos lleve a unirnos en criterios nacionales\u201d, enfatiz\u00f3.<\/p>\n\n\n\n<p>Durante su intervenci\u00f3n en el Acto de Uni\u00f3n Nacional en Defensa de la Guayana Esequiba, que se realiza en el Teatro Teresa Carre\u00f1o, ubicado en Caracas, reiter\u00f3 que \u201ces tiempo de un debate que una el alma nacional en un todo\u201d, raz\u00f3n por la cual rechaz\u00f3 cualquier pretensi\u00f3n de disolver la opini\u00f3n p\u00fablica o dividir a los venezolanos.<\/p>\n\n\n\n<p>\u201cNo es tiempo de un debate para disolver a la opini\u00f3n p\u00fablica, no es tiempo de un debate para dividir a los venezolanos, es tiempo de un debate para unir el alma nacional en un todo, en las ideas fuertes que nos muevan como venezolanos que amamos esta Patria\u201d, asever\u00f3.<\/p>\n\n\n\n<p>La controversia territorial entre la Rep\u00fablica Bolivariana de Venezuela y la Rep\u00fablica Cooperativa de Guyana se caracteriza por seis etapas hist\u00f3ricas: 1) Formaci\u00f3n del territorio (1492-1840); 2) Periodo de agresi\u00f3n: despojo y fraude arbitral (1840-1899); 3) Denuncia del fraude y el Acuerdo de Ginebra (1900-1966); 4) Aplicaci\u00f3n del Acuerdo de Ginebra y surgimiento de la Rep\u00fablica Cooperativa de Guyana (1966-2015); 5) Guyana asume una posici\u00f3n beligerante (2015-2023); y 6) Refer\u00e9ndum consultivo en Venezuela.<\/p>\n\n\n\n<p>El Acto de Uni\u00f3n Nacional en Defensa de la Guayana Esequiba surge en continuidad de la Conferencia Nacional por la Paz, la Democracia y el Di\u00e1logo, instalada el 26 de octubre en funci\u00f3n de establecer lazos de uni\u00f3n con todos los sectores del pa\u00eds de cara a los retos y oportunidades de la nueva etapa de la Rep\u00fablica Bolivariana de Venezuela.<\/p>\n\n\n\n<p><strong>Prensa Presidencial \/ Karelis Gonz\u00e1lez<\/strong><\/p>\n","protected":false},"excerpt":{"rendered":"<p>Teatro Teresa Carre\u00f1o, Caracas.- A partir del an\u00e1lisis de los seis momentos de la controversia sobre el territorio de la Guayana Esequiba, el presidente de la Rep\u00fablica, Nicol\u00e1s Maduro, convoc\u00f3 al debate sincero que permita \u201cencontrarnos, reencontrarnos y unirnos en ideas fuertes defendidas por todos\u201d. \u201cAsumiendo esta metodolog\u00eda de trabajo, pudi\u00e9ramos hacer un intercambio que [&hellip;]<\/p>\n","protected":false},"author":6,"featured_media":8045,"comment_status":"open","ping_status":"open","sticky":false,"template":"","format":"standard","meta":{"footnotes":""},"categories":[18,7],"tags":[30,145,19,27,20],"class_list":["post-8037","post","type-post","status-publish","format-standard","has-post-thumbnail","hentry","category-noticias-principales","category-notas-de-prensa","tag-destacado","tag-guayana-esequiba","tag-nicolas-maduro","tag-revolucion-bolivariana","tag-venezuela"],"_links":{"self":[{"href":"https:\/\/prensapresidencialvenezuela.gob.ve\/index.php\/wp-json\/wp\/v2\/posts\/8037","targetHints":{"allow":["GET"]}}],"collection":[{"href":"https:\/\/prensapresidencialvenezuela.gob.ve\/index.php\/wp-json\/wp\/v2\/posts"}],"about":[{"href":"https:\/\/prensapresidencialvenezuela.gob.ve\/index.php\/wp-json\/wp\/v2\/types\/post"}],"author":[{"embeddable":true,"href":"https:\/\/prensapresidencialvenezuela.gob.ve\/index.php\/wp-json\/wp\/v2\/users\/6"}],"replies":[{"embeddable":true,"href":"https:\/\/prensapresidencialvenezuela.gob.ve\/index.php\/wp-json\/wp\/v2\/comments?post=8037"}],"version-history":[{"count":1,"href":"https:\/\/prensapresidencialvenezuela.gob.ve\/index.php\/wp-json\/wp\/v2\/posts\/8037\/revisions"}],"predecessor-version":[{"id":8049,"href":"https:\/\/prensapresidencialvenezuela.gob.ve\/index.php\/wp-json\/wp\/v2\/posts\/8037\/revisions\/8049"}],"wp:featuredmedia":[{"embeddable":true,"href":"https:\/\/prensapresidencialvenezuela.gob.ve\/index.php\/wp-json\/wp\/v2\/media\/8045"}],"wp:attachment":[{"href":"https:\/\/prensapresidencialvenezuela.gob.ve\/index.php\/wp-json\/wp\/v2\/media?parent=8037"}],"wp:term":[{"taxonomy":"category","embeddable":true,"href":"https:\/\/prensapresidencialvenezuela.gob.ve\/index.php\/wp-json\/wp\/v2\/categories?post=8037"},{"taxonomy":"post_tag","embeddable":true,"href":"https:\/\/prensapresidencialvenezuela.gob.ve\/index.php\/wp-json\/wp\/v2\/tags?post=8037"}],"curies":[{"name":"wp","href":"https:\/\/api.w.org\/{rel}","templated":true}]}}