{"id":8044,"date":"2024-01-08T19:59:19","date_gmt":"2024-01-08T19:59:19","guid":{"rendered":"http:\/\/172.27.0.121\/?p=8044"},"modified":"2024-04-12T20:00:36","modified_gmt":"2024-04-12T20:00:36","slug":"parlamento-nacional-apunta-a-impulsar-el-crecimiento-economico-del-pais-para-este-2024","status":"publish","type":"post","link":"https:\/\/prensapresidencialvenezuela.gob.ve\/index.php\/2024\/01\/08\/parlamento-nacional-apunta-a-impulsar-el-crecimiento-economico-del-pais-para-este-2024\/","title":{"rendered":"Parlamento Nacional apunta a impulsar el crecimiento econ\u00f3mico del pa\u00eds para este 2024"},"content":{"rendered":"\n<p><strong>Palacio de Miraflores, Caracas.-<\/strong> Desde el sal\u00f3n Sim\u00f3n Bol\u00edvar del Palacio de Miraflores, se desarroll\u00f3 la reuni\u00f3n para notificar al Poder Ejecutivo el acto de conformaci\u00f3n de la Junta Directiva y la apertura del periodo anual de sesiones ordinarias del Poder Legislativo 2024-2025, en presencia del presidente de la Rep\u00fablica Bolivariana de Venezuela, Nicol\u00e1s Maduro Moros; la Vicepresidenta de la Rep\u00fablica, Delcy Rodr\u00edguez; Vicepresidentes Sectoriales de Gobierno y diputados.<\/p>\n\n\n\n<p>Un protocolo que se efect\u00faa tal como est\u00e1 previsto en la Constituci\u00f3n de la Rep\u00fablica Bolivariana de Venezuela, que debe instalarse \u201cel primer periodo de sesiones el d\u00eda 5 de enero a las 11 de la ma\u00f1ana en la sede del Palacio Federal Legislativo\u201d, record\u00f3 el presidente del Parlamento Federal Legislativo, Jorge Rodr\u00edguez.<\/p>\n\n\n\n<p>\u201cEst\u00e1 establecido as\u00ed de manera taxativa, precisamente, para que cada diputada y cada diputado se sientan convocados por la constituci\u00f3n para el inicio de periodo de sesiones y para que no vaya a haber alg\u00fan tipo de elemento oscuro o subrepticio&nbsp; respecto a algo tan importante como la instalaci\u00f3n del periodo legislativo\u201d, afirm\u00f3 el Diputado.<\/p>\n\n\n\n<p>Destac\u00f3 que sin importar la tolda pol\u00edtica a la que pertenezcan los 277 parlamentarios que conforman la plantilla de la Asamblea Nacional, deben atender este llamado anual.<\/p>\n\n\n\n<p>Durante su intervenci\u00f3n Rodr\u00edguez, afirm\u00f3 que la labor de este organismo, ha dado importantes pasos para sanar las heridas que dej\u00f3 la destructiva gesti\u00f3n opositora del periodo 2016-2020.<\/p>\n\n\n\n<p>\u201cUtilizaron un poder tan importante como el poder legislativo de la Rep\u00fablica Bolivariana de Venezuela, para promover las m\u00e1s atroces agresiones en contra de nuestro pueblo. Todas las sanciones econ\u00f3micas, todos las consecuencias del bloqueo. Todas las solicitudes y peticiones de agresiones militares extranjeras y de mercenarios contra Venezuela, se gestaron precisamente desde la gesti\u00f3n del Poder Legislativo\u201d, apunt\u00f3.<\/p>\n\n\n\n<p>Indic\u00f3 tambi\u00e9n que luego de que se diera la renuncia de rectores del Poder Electoral, la Asamblea Nacional tuvo la responsabilidad de escoger el Consejo Nacional Electoral \u201cque actualmente cumple funciones como poder electoral y que est\u00e1 llamado a atender elementos de convocatoria electoral fundamentales, porque tenemos en el horizonte cercano la elecci\u00f3n de presidente o presidenta de la Rep\u00fablica\u201d.<\/p>\n\n\n\n<p>Se\u00f1al\u00f3 que para los pr\u00f3ximos meses de sesiones impulsar\u00e1n estrategias dirigidas a la recuperaci\u00f3n del estado de bienestar y de la prosperidad de la poblaci\u00f3n.<\/p>\n\n\n\n<p>En este marco, afirm\u00f3 que ya adelantan un grupo de leyes que tienen que ver con el tema econ\u00f3mico, as\u00ed mencion\u00f3 la ley de fomento de exportaciones, otra para trabajar en la modernizaci\u00f3n de los elementos de transacciones comerciales, \u201cespec\u00edficamente una ley para el comercio digital, una ley para la inversi\u00f3n extranjera en tiempo de agresi\u00f3n y de guerra econ\u00f3mica, queremos desarrollar una ley marco de todo el proceso que ya se ha venido trabajando, a trav\u00e9s de la llamada Ley Antibloqueo de la Asamblea Nacional Constituyente\u201d.<\/p>\n\n\n\n<p>Con respecto a las leyes que promueven la consolidaci\u00f3n de poder popular organizado, se refiri\u00f3 a la Ley de las Comunas, en la que se trabajar\u00e1 para definir el ordenamiento pol\u00edtico territorial&nbsp; y su adaptaci\u00f3n a&nbsp; los nuevos tiempos en materia econ\u00f3mica y en el \u00e1rea de emprendimientos.<\/p>\n\n\n\n<p>Hasta el a\u00f1o pasado se promovieron 74 leyes sancionadas entre los a\u00f1os 2021, 2022 y el 2023, \u201cleyes principalmente dirigidas a dos elementos fundamentales, en primer lugar el cuidado y la defensa de los derechos de las venezolanas y de los venezolanos, leyes del poder popular, leyes especiales relacionadas y derivadas de la Ley Org\u00e1nica del Trabajo y en segundo lugar, las leyes que acompa\u00f1en los nuevos tiempos de la nueva econom\u00eda venezolana en b\u00fasqueda tambi\u00e9n de reconstruir el estado de bienestar que fue vulnerado por la acci\u00f3n del bloqueo y la acci\u00f3n de las medidas coercitivas unilaterales mal llamadas sanciones\u201d, sentenci\u00f3.<\/p>\n\n\n\n<p><strong>Prensa Presidencial\/Mar\u00eda Mercedes Noguera<\/strong><\/p>\n","protected":false},"excerpt":{"rendered":"<p>Palacio de Miraflores, Caracas.- Desde el sal\u00f3n Sim\u00f3n Bol\u00edvar del Palacio de Miraflores, se desarroll\u00f3 la reuni\u00f3n para notificar al Poder Ejecutivo el acto de conformaci\u00f3n de la Junta Directiva y la apertura del periodo anual de sesiones ordinarias del Poder Legislativo 2024-2025, en presencia del presidente de la Rep\u00fablica Bolivariana de Venezuela, Nicol\u00e1s Maduro [&hellip;]<\/p>\n","protected":false},"author":1,"featured_media":8048,"comment_status":"open","ping_status":"open","sticky":false,"template":"","format":"standard","meta":{"footnotes":""},"categories":[7],"tags":[],"class_list":["post-8044","post","type-post","status-publish","format-standard","has-post-thumbnail","hentry","category-notas-de-prensa"],"_links":{"self":[{"href":"https:\/\/prensapresidencialvenezuela.gob.ve\/index.php\/wp-json\/wp\/v2\/posts\/8044","targetHints":{"allow":["GET"]}}],"collection":[{"href":"https:\/\/prensapresidencialvenezuela.gob.ve\/index.php\/wp-json\/wp\/v2\/posts"}],"about":[{"href":"https:\/\/prensapresidencialvenezuela.gob.ve\/index.php\/wp-json\/wp\/v2\/types\/post"}],"author":[{"embeddable":true,"href":"https:\/\/prensapresidencialvenezuela.gob.ve\/index.php\/wp-json\/wp\/v2\/users\/1"}],"replies":[{"embeddable":true,"href":"https:\/\/prensapresidencialvenezuela.gob.ve\/index.php\/wp-json\/wp\/v2\/comments?post=8044"}],"version-history":[{"count":1,"href":"https:\/\/prensapresidencialvenezuela.gob.ve\/index.php\/wp-json\/wp\/v2\/posts\/8044\/revisions"}],"predecessor-version":[{"id":8052,"href":"https:\/\/prensapresidencialvenezuela.gob.ve\/index.php\/wp-json\/wp\/v2\/posts\/8044\/revisions\/8052"}],"wp:featuredmedia":[{"embeddable":true,"href":"https:\/\/prensapresidencialvenezuela.gob.ve\/index.php\/wp-json\/wp\/v2\/media\/8048"}],"wp:attachment":[{"href":"https:\/\/prensapresidencialvenezuela.gob.ve\/index.php\/wp-json\/wp\/v2\/media?parent=8044"}],"wp:term":[{"taxonomy":"category","embeddable":true,"href":"https:\/\/prensapresidencialvenezuela.gob.ve\/index.php\/wp-json\/wp\/v2\/categories?post=8044"},{"taxonomy":"post_tag","embeddable":true,"href":"https:\/\/prensapresidencialvenezuela.gob.ve\/index.php\/wp-json\/wp\/v2\/tags?post=8044"}],"curies":[{"name":"wp","href":"https:\/\/api.w.org\/{rel}","templated":true}]}}