{"id":8071,"date":"2023-03-01T20:06:00","date_gmt":"2023-03-01T20:06:00","guid":{"rendered":"http:\/\/172.27.0.121\/?p=8071"},"modified":"2024-04-12T20:09:34","modified_gmt":"2024-04-12T20:09:34","slug":"venezuela-abordara-progreso-de-america-latina-y-el-caribe-en-viii-cumbre-de-la-celac","status":"publish","type":"post","link":"https:\/\/prensapresidencialvenezuela.gob.ve\/index.php\/2023\/03\/01\/venezuela-abordara-progreso-de-america-latina-y-el-caribe-en-viii-cumbre-de-la-celac\/","title":{"rendered":"Venezuela abordar\u00e1 progreso de Am\u00e9rica Latina y el Caribe en VIII Cumbre de la CELAC"},"content":{"rendered":"\n<p><strong>Kingstown, San Vicente y las Granadinas.- <\/strong>El<strong> <\/strong>presidente de la Rep\u00fablica Bolivariana de Venezuela, Nicol\u00e1s Maduro Moros, ratific\u00f3 la disposici\u00f3n del Gobierno Bolivariano para debatir el progreso de Am\u00e9rica Latina y el Caribe en el marco de la VIII Cumbre de la Comunidad de Estados Latinoamericanos y Caribe\u00f1os (CELAC), celebrada este 01 de marzo en Kingstown, San Vicente y las Granadinas.<\/p>\n\n\n\n<p>\u201cNosotros vamos a hablar del progreso de la CELAC, del progreso de Am\u00e9rica Latina, del Caribe\u201d, asegur\u00f3 el Mandatario a su llegada al Centro de Convenciones del Hotel Sandals en Kingstown para participar en la VIII Cumbre CELAC.<\/p>\n\n\n\n<p>En este sentido, rechaz\u00f3 cualquier pretensi\u00f3n antiimperialista que busque atentar contra las relaciones de amistad, hermandad y complementariedad de los pueblos del Sur.<\/p>\n\n\n\n<p>\u201cM\u00e1s all\u00e1 de lo especule alguna agencia de noticia internacional, alguna prensa, la verdad, es la verdad. Siempre hemos tenido respeto, amistad y cooperaci\u00f3n que nos debemos como pa\u00edses hermanos y fronterizos\u201d, asegur\u00f3 el Dignatario.<\/p>\n\n\n\n<p>En horas de la ma\u00f1ana de este viernes, el Jefe de Estado arrib\u00f3 a la ciudad de Kingstown para participar en la VIII Cumbre de la CELAC, espacio de di\u00e1logo y debate que permite a los pa\u00edses miembros e invitados, reafirmar su voluntad de trabajar en funci\u00f3n de los pueblos del Sur, as\u00ed como tambi\u00e9n de la paz del mundo.<\/p>\n\n\n\n<p><strong>Prensa Presidencial\/Joelin Jim\u00e9nez<\/strong><\/p>\n","protected":false},"excerpt":{"rendered":"<p>Kingstown, San Vicente y las Granadinas.- El presidente de la Rep\u00fablica Bolivariana de Venezuela, Nicol\u00e1s Maduro Moros, ratific\u00f3 la disposici\u00f3n del Gobierno Bolivariano para debatir el progreso de Am\u00e9rica Latina y el Caribe en el marco de la VIII Cumbre de la Comunidad de Estados Latinoamericanos y Caribe\u00f1os (CELAC), celebrada este 01 de marzo en [&hellip;]<\/p>\n","protected":false},"author":4,"featured_media":8078,"comment_status":"open","ping_status":"open","sticky":false,"template":"","format":"standard","meta":{"footnotes":""},"categories":[18,7],"tags":[],"class_list":["post-8071","post","type-post","status-publish","format-standard","has-post-thumbnail","hentry","category-noticias-principales","category-notas-de-prensa"],"_links":{"self":[{"href":"https:\/\/prensapresidencialvenezuela.gob.ve\/index.php\/wp-json\/wp\/v2\/posts\/8071","targetHints":{"allow":["GET"]}}],"collection":[{"href":"https:\/\/prensapresidencialvenezuela.gob.ve\/index.php\/wp-json\/wp\/v2\/posts"}],"about":[{"href":"https:\/\/prensapresidencialvenezuela.gob.ve\/index.php\/wp-json\/wp\/v2\/types\/post"}],"author":[{"embeddable":true,"href":"https:\/\/prensapresidencialvenezuela.gob.ve\/index.php\/wp-json\/wp\/v2\/users\/4"}],"replies":[{"embeddable":true,"href":"https:\/\/prensapresidencialvenezuela.gob.ve\/index.php\/wp-json\/wp\/v2\/comments?post=8071"}],"version-history":[{"count":1,"href":"https:\/\/prensapresidencialvenezuela.gob.ve\/index.php\/wp-json\/wp\/v2\/posts\/8071\/revisions"}],"predecessor-version":[{"id":8081,"href":"https:\/\/prensapresidencialvenezuela.gob.ve\/index.php\/wp-json\/wp\/v2\/posts\/8071\/revisions\/8081"}],"wp:featuredmedia":[{"embeddable":true,"href":"https:\/\/prensapresidencialvenezuela.gob.ve\/index.php\/wp-json\/wp\/v2\/media\/8078"}],"wp:attachment":[{"href":"https:\/\/prensapresidencialvenezuela.gob.ve\/index.php\/wp-json\/wp\/v2\/media?parent=8071"}],"wp:term":[{"taxonomy":"category","embeddable":true,"href":"https:\/\/prensapresidencialvenezuela.gob.ve\/index.php\/wp-json\/wp\/v2\/categories?post=8071"},{"taxonomy":"post_tag","embeddable":true,"href":"https:\/\/prensapresidencialvenezuela.gob.ve\/index.php\/wp-json\/wp\/v2\/tags?post=8071"}],"curies":[{"name":"wp","href":"https:\/\/api.w.org\/{rel}","templated":true}]}}