{"id":8074,"date":"2024-01-09T20:07:22","date_gmt":"2024-01-09T20:07:22","guid":{"rendered":"http:\/\/172.27.0.121\/?p=8074"},"modified":"2024-04-12T20:09:10","modified_gmt":"2024-04-12T20:09:10","slug":"presidente-maduro-es-necesario-reivindicar-la-memoria-colectiva","status":"publish","type":"post","link":"https:\/\/prensapresidencialvenezuela.gob.ve\/index.php\/2024\/01\/09\/presidente-maduro-es-necesario-reivindicar-la-memoria-colectiva\/","title":{"rendered":"Presidente Maduro: Es necesario reivindicar la memoria colectiva"},"content":{"rendered":"\n<p><strong>Pante\u00f3n Nacional, Caracas.- <\/strong>Al insistir en la necesidad de promover y divulgar la memoria hist\u00f3rica de los h\u00e9roes y hero\u00ednas de Venezuela, el presidente de la Rep\u00fablica Bolivariana de Venezuela, Nicol\u00e1s Maduro, asever\u00f3 que los centros educativos del pa\u00eds, as\u00ed como las organizaciones del poder popular deben \u201creivindicar la memoria colectiva\u201d en el territorio.<\/p>\n\n\n\n<p>\u201cUno de los actos m\u00e1s revolucionarios que nosotros podemos hacer en cada escuela, en cada liceo, en cada universidad, en cada consejo comunal, en cada territorio donde est\u00e9 nuestro pueblo es reivindicar la memoria colectiva, es poner como ejemplo a hombres como Domingo Antonio Sifontes\u201d, expres\u00f3 el Mandatario a la llegada al Pante\u00f3n Nacional de los restos mortales del General Sifontes.<\/p>\n\n\n\n<p>En este sentido, apunt\u00f3 que la juventud venezolana debe sentir orgullo de ser venezolana, \u201csentir orgullo de pertenecer a una tierra llena de luces, de brillo, de patriotismo que ha hecho tanto por la humanidad\u201d.<\/p>\n\n\n\n<p>Asever\u00f3 que la perseverancia permitir\u00e1 la reivindicaci\u00f3n de los valores en el pueblo venezolano. \u201cSe trata de construir la base de una identidad poderosa, la nueva venezolanidad del siglo XXI, no debemos permitir que nos destruyan los valores\u201d.<\/p>\n\n\n\n<p>Al respecto, se\u00f1al\u00f3 que general Domingo Sifontes, cre\u00eda en la verdad de la Rep\u00fablica y se esforz\u00f3 por verla establecida.<\/p>\n\n\n\n<p>\u201cCre\u00eda que la patria de Bol\u00edvar y Sucre estaba llamada a gloriosos destinos, y yo s\u00e9 que hubiera dado toda la sangre en sus venas por verla surgir radiante y transfigurada en medio de nuestras miserias pol\u00edticas\u201d, subray\u00f3.<\/p>\n\n\n\n<p>\u201cHoy 112 a\u00f1os despu\u00e9s General Sifontes las puertas del Pante\u00f3n est\u00e1n abiertas para Usted, con el sue\u00f1o de Bol\u00edvar y Sucre seguiremos transitando el camino de defender la tierra que defendi\u00f3 hacerla grande, libre y poderosa, m\u00e1s temprano que tarde la Guayana Esequiba ser\u00e1 siempre y para siempre nuestra\u201d, concluy\u00f3 el Jefe de Estado.<\/p>\n\n\n\n<p><strong>Prensa Presidencial\/Joelin Jim\u00e9nez<\/strong><\/p>\n","protected":false},"excerpt":{"rendered":"<p>Pante\u00f3n Nacional, Caracas.- Al insistir en la necesidad de promover y divulgar la memoria hist\u00f3rica de los h\u00e9roes y hero\u00ednas de Venezuela, el presidente de la Rep\u00fablica Bolivariana de Venezuela, Nicol\u00e1s Maduro, asever\u00f3 que los centros educativos del pa\u00eds, as\u00ed como las organizaciones del poder popular deben \u201creivindicar la memoria colectiva\u201d en el territorio. \u201cUno [&hellip;]<\/p>\n","protected":false},"author":1,"featured_media":8079,"comment_status":"open","ping_status":"open","sticky":false,"template":"","format":"standard","meta":{"footnotes":""},"categories":[7],"tags":[],"class_list":["post-8074","post","type-post","status-publish","format-standard","has-post-thumbnail","hentry","category-notas-de-prensa"],"_links":{"self":[{"href":"https:\/\/prensapresidencialvenezuela.gob.ve\/index.php\/wp-json\/wp\/v2\/posts\/8074","targetHints":{"allow":["GET"]}}],"collection":[{"href":"https:\/\/prensapresidencialvenezuela.gob.ve\/index.php\/wp-json\/wp\/v2\/posts"}],"about":[{"href":"https:\/\/prensapresidencialvenezuela.gob.ve\/index.php\/wp-json\/wp\/v2\/types\/post"}],"author":[{"embeddable":true,"href":"https:\/\/prensapresidencialvenezuela.gob.ve\/index.php\/wp-json\/wp\/v2\/users\/1"}],"replies":[{"embeddable":true,"href":"https:\/\/prensapresidencialvenezuela.gob.ve\/index.php\/wp-json\/wp\/v2\/comments?post=8074"}],"version-history":[{"count":1,"href":"https:\/\/prensapresidencialvenezuela.gob.ve\/index.php\/wp-json\/wp\/v2\/posts\/8074\/revisions"}],"predecessor-version":[{"id":8080,"href":"https:\/\/prensapresidencialvenezuela.gob.ve\/index.php\/wp-json\/wp\/v2\/posts\/8074\/revisions\/8080"}],"wp:featuredmedia":[{"embeddable":true,"href":"https:\/\/prensapresidencialvenezuela.gob.ve\/index.php\/wp-json\/wp\/v2\/media\/8079"}],"wp:attachment":[{"href":"https:\/\/prensapresidencialvenezuela.gob.ve\/index.php\/wp-json\/wp\/v2\/media?parent=8074"}],"wp:term":[{"taxonomy":"category","embeddable":true,"href":"https:\/\/prensapresidencialvenezuela.gob.ve\/index.php\/wp-json\/wp\/v2\/categories?post=8074"},{"taxonomy":"post_tag","embeddable":true,"href":"https:\/\/prensapresidencialvenezuela.gob.ve\/index.php\/wp-json\/wp\/v2\/tags?post=8074"}],"curies":[{"name":"wp","href":"https:\/\/api.w.org\/{rel}","templated":true}]}}