{"id":8082,"date":"2024-01-11T20:09:39","date_gmt":"2024-01-11T20:09:39","guid":{"rendered":"http:\/\/172.27.0.121\/?p=8082"},"modified":"2024-04-12T20:10:32","modified_gmt":"2024-04-12T20:10:32","slug":"a-empoderarse-de-las-plataformas-comunicacionales-insta-el-presidente-maduro","status":"publish","type":"post","link":"https:\/\/prensapresidencialvenezuela.gob.ve\/index.php\/2024\/01\/11\/a-empoderarse-de-las-plataformas-comunicacionales-insta-el-presidente-maduro\/","title":{"rendered":"A empoderarse de las plataformas comunicacionales insta el presidente Maduro"},"content":{"rendered":"\n<p><\/p>\n\n\n\n<p><strong>Academia Militar de Venezuela, Caracas.-<\/strong> El presidente de la Rep\u00fablica, reiter\u00f3 la necesidad de empoderarse de todas las plataformas comunicacionales para llevar la verdad de Venezuela a todo el mundo.<\/p>\n\n\n\n<p>\u201cHay que meterse en todo. Hay que estar activo, lo que yo digo Diosdado, en redes, calles, medios y paredes, en todos los espacios. Llevar la verdad de un pa\u00eds, la verdad de una revoluci\u00f3n, nuestra verdad\u201d, subray\u00f3 en el cuarto episodio de Maduro Podcast .<\/p>\n\n\n\n<p>En ese contexto, el primer vicepresidente del PSUV y diputado a la Asamblea Nacional, Diosdado Cabello, acot\u00f3 que gracias a la democratizaci\u00f3n de los medios de comunicaci\u00f3n \u2013impulsada por el Comandante Ch\u00e1vez- existe la comunicaci\u00f3n popular en cada rinc\u00f3n del pa\u00eds.<\/p>\n\n\n\n<p>\u201cLos medios eran los que decid\u00edan, mandaban, pon\u00edan Presidentes, quitaban Presidentes y la misma din\u00e1mica del mundo entero pues, ha hecho que esto cambie. Y hoy cualquier ciudadano es un reportero\u201d, destaco.<\/p>\n\n\n\n<p>El Jefe de Estado y de Gobierno agreg\u00f3 que es importante masificar la difusi\u00f3n de la informaci\u00f3n en varios idiomas, lo que permite tener mayor penetraci\u00f3n del mensaje.<\/p>\n\n\n\n<p>\u201cTuvimos una buena idea, creo que sali\u00f3 bien, del equipo de traducir al ingl\u00e9s, el \u00faltimo podcast que hicimos y bueno f\u00edjate que la traducci\u00f3n permiti\u00f3 llegar a lugares insospechados\u201d, agreg\u00f3.<\/p>\n\n\n\n<p><strong>Prensa Presidencial\/Karla Cotoret<\/strong><\/p>\n","protected":false},"excerpt":{"rendered":"<p>Academia Militar de Venezuela, Caracas.- El presidente de la Rep\u00fablica, reiter\u00f3 la necesidad de empoderarse de todas las plataformas comunicacionales para llevar la verdad de Venezuela a todo el mundo. \u201cHay que meterse en todo. Hay que estar activo, lo que yo digo Diosdado, en redes, calles, medios y paredes, en todos los espacios. Llevar [&hellip;]<\/p>\n","protected":false},"author":1,"featured_media":8084,"comment_status":"open","ping_status":"open","sticky":false,"template":"","format":"standard","meta":{"footnotes":""},"categories":[7],"tags":[],"class_list":["post-8082","post","type-post","status-publish","format-standard","has-post-thumbnail","hentry","category-notas-de-prensa"],"_links":{"self":[{"href":"https:\/\/prensapresidencialvenezuela.gob.ve\/index.php\/wp-json\/wp\/v2\/posts\/8082","targetHints":{"allow":["GET"]}}],"collection":[{"href":"https:\/\/prensapresidencialvenezuela.gob.ve\/index.php\/wp-json\/wp\/v2\/posts"}],"about":[{"href":"https:\/\/prensapresidencialvenezuela.gob.ve\/index.php\/wp-json\/wp\/v2\/types\/post"}],"author":[{"embeddable":true,"href":"https:\/\/prensapresidencialvenezuela.gob.ve\/index.php\/wp-json\/wp\/v2\/users\/1"}],"replies":[{"embeddable":true,"href":"https:\/\/prensapresidencialvenezuela.gob.ve\/index.php\/wp-json\/wp\/v2\/comments?post=8082"}],"version-history":[{"count":1,"href":"https:\/\/prensapresidencialvenezuela.gob.ve\/index.php\/wp-json\/wp\/v2\/posts\/8082\/revisions"}],"predecessor-version":[{"id":8085,"href":"https:\/\/prensapresidencialvenezuela.gob.ve\/index.php\/wp-json\/wp\/v2\/posts\/8082\/revisions\/8085"}],"wp:featuredmedia":[{"embeddable":true,"href":"https:\/\/prensapresidencialvenezuela.gob.ve\/index.php\/wp-json\/wp\/v2\/media\/8084"}],"wp:attachment":[{"href":"https:\/\/prensapresidencialvenezuela.gob.ve\/index.php\/wp-json\/wp\/v2\/media?parent=8082"}],"wp:term":[{"taxonomy":"category","embeddable":true,"href":"https:\/\/prensapresidencialvenezuela.gob.ve\/index.php\/wp-json\/wp\/v2\/categories?post=8082"},{"taxonomy":"post_tag","embeddable":true,"href":"https:\/\/prensapresidencialvenezuela.gob.ve\/index.php\/wp-json\/wp\/v2\/tags?post=8082"}],"curies":[{"name":"wp","href":"https:\/\/api.w.org\/{rel}","templated":true}]}}