{"id":8086,"date":"2024-01-11T20:10:42","date_gmt":"2024-01-11T20:10:42","guid":{"rendered":"http:\/\/172.27.0.121\/?p=8086"},"modified":"2024-04-12T20:11:29","modified_gmt":"2024-04-12T20:11:29","slug":"chavez-logro-unir-todos-los-mundos-y-todas-las-epocas","status":"publish","type":"post","link":"https:\/\/prensapresidencialvenezuela.gob.ve\/index.php\/2024\/01\/11\/chavez-logro-unir-todos-los-mundos-y-todas-las-epocas\/","title":{"rendered":"Ch\u00e1vez logr\u00f3 unir todos los mundos y todas las \u00e9pocas"},"content":{"rendered":"\n<p><\/p>\n\n\n\n<p><strong>Academia Militar de Venezuela, Caracas.-<\/strong> Al referirse a los valores del bolivarianismo, el presidente de la Rep\u00fablica, destac\u00f3 que \u00e9stos son la base la Revoluci\u00f3n Bolivariana que fund\u00f3 el Comandante Hugo Ch\u00e1vez, con bases firmes en la disciplina, la autoexigencia y la verdad.<\/p>\n\n\n\n<p>\u201cDe verdad uno revisando el papel hist\u00f3rico que Ch\u00e1vez cumpli\u00f3 en su espacio vital como l\u00edder militar, era precisamente de filas militares donde ten\u00eda que resurgir el proyecto original, precisamente, para Venezuela siempre tuvo muy marcada la vida de sus fuerzas militares en todas las \u00e9pocas, para bien y para mal tambi\u00e9n\u201d, reflexion\u00f3 durante la transmisi\u00f3n del cuarto episodio de Maduro Podcast.<\/p>\n\n\n\n<p>En ese contexto, el Jefe de Estado subray\u00f3 que el Comandante Ch\u00e1vez logr\u00f3 unir todos los mundos y todas las \u00e9pocas que demostr\u00f3 la pertinencia que tenia para nuestro pa\u00eds y mucho m\u00e1s all\u00e1.<\/p>\n\n\n\n<p>\u201cCh\u00e1vez encarna, encarna un esp\u00edritu superior cuando logra redescubrir la fuerza del proyecto de Bol\u00edvar, cuando logra redescubrir la figura de Zamora y la Revoluci\u00f3n Federal, y cuando logra hilvanar los elementos para una nueva ideolog\u00eda absolutamente pertinente con la realidad de Venezuela. Ch\u00e1vez logr\u00f3 unir todos los mundos, todas las \u00e9pocas, con un proyecto que verdaderamente demostr\u00f3 la fuerza y la pertinencia que ten\u00eda para nuestro pa\u00eds y mucho m\u00e1s all\u00e1 de nuestro pa\u00eds por el enorme impacto que el liderazgo del comandante Ch\u00e1vez\u201d, destac\u00f3.<\/p>\n\n\n\n<p>Por su parte, el primer vicepresidente del PSUV, Diosdado Cabello, record\u00f3 que \u201ccom\u00fan las charlas sobre Bol\u00edvar, sobre Zamora en este patio. Su mensaje siempre fue de la formaci\u00f3n, de la moral, de la moral del militar,\u201d, al recordar sus vivencias con el l\u00edder y fundador de la Revoluci\u00f3n Bolivariana en la Academia Militar.<\/p>\n\n\n\n<p><strong>Prensa Presidencial\/Karla Cotoret<\/strong><\/p>\n","protected":false},"excerpt":{"rendered":"<p>Academia Militar de Venezuela, Caracas.- Al referirse a los valores del bolivarianismo, el presidente de la Rep\u00fablica, destac\u00f3 que \u00e9stos son la base la Revoluci\u00f3n Bolivariana que fund\u00f3 el Comandante Hugo Ch\u00e1vez, con bases firmes en la disciplina, la autoexigencia y la verdad. \u201cDe verdad uno revisando el papel hist\u00f3rico que Ch\u00e1vez cumpli\u00f3 en su [&hellip;]<\/p>\n","protected":false},"author":1,"featured_media":8090,"comment_status":"open","ping_status":"open","sticky":false,"template":"","format":"standard","meta":{"footnotes":""},"categories":[7],"tags":[],"class_list":["post-8086","post","type-post","status-publish","format-standard","has-post-thumbnail","hentry","category-notas-de-prensa"],"_links":{"self":[{"href":"https:\/\/prensapresidencialvenezuela.gob.ve\/index.php\/wp-json\/wp\/v2\/posts\/8086","targetHints":{"allow":["GET"]}}],"collection":[{"href":"https:\/\/prensapresidencialvenezuela.gob.ve\/index.php\/wp-json\/wp\/v2\/posts"}],"about":[{"href":"https:\/\/prensapresidencialvenezuela.gob.ve\/index.php\/wp-json\/wp\/v2\/types\/post"}],"author":[{"embeddable":true,"href":"https:\/\/prensapresidencialvenezuela.gob.ve\/index.php\/wp-json\/wp\/v2\/users\/1"}],"replies":[{"embeddable":true,"href":"https:\/\/prensapresidencialvenezuela.gob.ve\/index.php\/wp-json\/wp\/v2\/comments?post=8086"}],"version-history":[{"count":1,"href":"https:\/\/prensapresidencialvenezuela.gob.ve\/index.php\/wp-json\/wp\/v2\/posts\/8086\/revisions"}],"predecessor-version":[{"id":8091,"href":"https:\/\/prensapresidencialvenezuela.gob.ve\/index.php\/wp-json\/wp\/v2\/posts\/8086\/revisions\/8091"}],"wp:featuredmedia":[{"embeddable":true,"href":"https:\/\/prensapresidencialvenezuela.gob.ve\/index.php\/wp-json\/wp\/v2\/media\/8090"}],"wp:attachment":[{"href":"https:\/\/prensapresidencialvenezuela.gob.ve\/index.php\/wp-json\/wp\/v2\/media?parent=8086"}],"wp:term":[{"taxonomy":"category","embeddable":true,"href":"https:\/\/prensapresidencialvenezuela.gob.ve\/index.php\/wp-json\/wp\/v2\/categories?post=8086"},{"taxonomy":"post_tag","embeddable":true,"href":"https:\/\/prensapresidencialvenezuela.gob.ve\/index.php\/wp-json\/wp\/v2\/tags?post=8086"}],"curies":[{"name":"wp","href":"https:\/\/api.w.org\/{rel}","templated":true}]}}