{"id":8092,"date":"2024-01-11T20:11:41","date_gmt":"2024-01-11T20:11:41","guid":{"rendered":"http:\/\/172.27.0.121\/?p=8092"},"modified":"2024-04-12T20:12:25","modified_gmt":"2024-04-12T20:12:25","slug":"campana-de-sabaneta-a-miraflores-fue-una-expresion-de-amor","status":"publish","type":"post","link":"https:\/\/prensapresidencialvenezuela.gob.ve\/index.php\/2024\/01\/11\/campana-de-sabaneta-a-miraflores-fue-una-expresion-de-amor\/","title":{"rendered":"Campa\u00f1a de Sabaneta a Miraflores fue una expresi\u00f3n de amor"},"content":{"rendered":"\n<p><strong>Academia Militar de Venezuela, Caracas.-<\/strong> El presidente de la Rep\u00fablica, Nicol\u00e1s Maduro, rememor\u00f3 la \u00faltima campa\u00f1a presidencial del Comandante Hugo Ch\u00e1vez \u201cDe Sabaneta a Miraflores\u201d con una muestra de la expresi\u00f3n de amor.<\/p>\n\n\n\n<p>\u201cLa \u00faltima campa\u00f1a que recorrimos todo el pa\u00eds junto a \u00e9l. Esa expresi\u00f3n de amor tan bello del pueblo en las calles. De esa campa\u00f1a siempre qued\u00f3 marcado a ruta final. Del primero, lunes primero de octubre al jueves cuatro de octubre, de Sabaneta a Miraflores\u201d, expres\u00f3.<\/p>\n\n\n\n<p>El ese contexto, el primer vicepresidente del PSUV, diputado Diosdado Cabello, acot\u00f3 que \u201cesa campa\u00f1a fue extraordinaria por su \u00edmpetu, por su amor. A m\u00ed en lo personal me da fuerzas porque est\u00e1 sellado un compromiso, un compromiso moral nuestro Comandante de palabra y de amor, de claridad en lo que debemos hacer y en las situaciones\u201d.<\/p>\n\n\n\n<p>Asimismo, el Jefe de Estado record\u00f3 la \u00faltima reuni\u00f3n sostenida el 22 de febrero de 2012 con el m\u00e1ximo l\u00edder de la Revoluci\u00f3n Bolivariana.<\/p>\n\n\n\n<p>\u201cAll\u00ed juramos, y eso lo debe saber la gente, ser leales a \u00e9l, a su proyecto, a su esp\u00edritu, a su fuerza, haber tenido un l\u00edder como el comandante Ch\u00e1vez, se pierde de vista\u201d, recalc\u00f3.<\/p>\n\n\n\n<p>\u201cNo tiene excusa quien haya estado al lado del Comandante Ch\u00e1vez de no estar en el&nbsp; proyecto revolucionario, no tiene excusa porque lo que vieron y lo que debieron haber aprendido los obliga moralmente a estar aqu\u00ed, moralmente, pero moralmente con las consecuencias que eso significa dentro del proyecto\u201d, agreg\u00f3 el Primer Vicepresidente del PSUV.<\/p>\n\n\n\n<p>El Mandatario nacional destac\u00f3 entre las ense\u00f1anzas de esos a\u00f1os la perseverancia frente a cualquier circunstancia.<\/p>\n\n\n\n<p>\u201cPerseverar en el camino que \u00e9l se\u00f1al\u00f3; perseverar en los dolores, en las angustias, en las verdades, en los errores, en las insuficiencias. \u00bfQui\u00e9n dijo que el camino iba a ser f\u00e1cil? \u00c9l mismo nos lo se\u00f1al\u00f3, va a ser muy dif\u00edcil\u201d, subray\u00f3.<\/p>\n\n\n\n<p>El Presidente tambi\u00e9n honr\u00f3 la \u00faltima proclama del Comandante Ch\u00e1vez, d\u00eda en el que dej\u00f3 el rumbo de Venezuela en el pueblo y en el que jur\u00f3 llevar adelante las riendas de la Revoluci\u00f3n.<\/p>\n\n\n\n<p>\u201cNo han entendido ni entender\u00e1n jam\u00e1s, un juramento de llevar adelante la Revoluci\u00f3n de Ch\u00e1vez por encima de todo lo que haya que hacer en funci\u00f3n de nuestra Patria, en funci\u00f3n de nuestro pueblo\u201d, subray\u00f3 en el cuarto episodio de Maduro Podcast.<\/p>\n\n\n\n<p><strong>&nbsp;Prensa Presidencial\/Karla Cotoret<\/strong><\/p>\n","protected":false},"excerpt":{"rendered":"<p>Academia Militar de Venezuela, Caracas.- El presidente de la Rep\u00fablica, Nicol\u00e1s Maduro, rememor\u00f3 la \u00faltima campa\u00f1a presidencial del Comandante Hugo Ch\u00e1vez \u201cDe Sabaneta a Miraflores\u201d con una muestra de la expresi\u00f3n de amor. \u201cLa \u00faltima campa\u00f1a que recorrimos todo el pa\u00eds junto a \u00e9l. Esa expresi\u00f3n de amor tan bello del pueblo en las calles. [&hellip;]<\/p>\n","protected":false},"author":1,"featured_media":8094,"comment_status":"open","ping_status":"open","sticky":false,"template":"","format":"standard","meta":{"footnotes":""},"categories":[7],"tags":[],"class_list":["post-8092","post","type-post","status-publish","format-standard","has-post-thumbnail","hentry","category-notas-de-prensa"],"_links":{"self":[{"href":"https:\/\/prensapresidencialvenezuela.gob.ve\/index.php\/wp-json\/wp\/v2\/posts\/8092","targetHints":{"allow":["GET"]}}],"collection":[{"href":"https:\/\/prensapresidencialvenezuela.gob.ve\/index.php\/wp-json\/wp\/v2\/posts"}],"about":[{"href":"https:\/\/prensapresidencialvenezuela.gob.ve\/index.php\/wp-json\/wp\/v2\/types\/post"}],"author":[{"embeddable":true,"href":"https:\/\/prensapresidencialvenezuela.gob.ve\/index.php\/wp-json\/wp\/v2\/users\/1"}],"replies":[{"embeddable":true,"href":"https:\/\/prensapresidencialvenezuela.gob.ve\/index.php\/wp-json\/wp\/v2\/comments?post=8092"}],"version-history":[{"count":1,"href":"https:\/\/prensapresidencialvenezuela.gob.ve\/index.php\/wp-json\/wp\/v2\/posts\/8092\/revisions"}],"predecessor-version":[{"id":8095,"href":"https:\/\/prensapresidencialvenezuela.gob.ve\/index.php\/wp-json\/wp\/v2\/posts\/8092\/revisions\/8095"}],"wp:featuredmedia":[{"embeddable":true,"href":"https:\/\/prensapresidencialvenezuela.gob.ve\/index.php\/wp-json\/wp\/v2\/media\/8094"}],"wp:attachment":[{"href":"https:\/\/prensapresidencialvenezuela.gob.ve\/index.php\/wp-json\/wp\/v2\/media?parent=8092"}],"wp:term":[{"taxonomy":"category","embeddable":true,"href":"https:\/\/prensapresidencialvenezuela.gob.ve\/index.php\/wp-json\/wp\/v2\/categories?post=8092"},{"taxonomy":"post_tag","embeddable":true,"href":"https:\/\/prensapresidencialvenezuela.gob.ve\/index.php\/wp-json\/wp\/v2\/tags?post=8092"}],"curies":[{"name":"wp","href":"https:\/\/api.w.org\/{rel}","templated":true}]}}