{"id":8107,"date":"2024-01-11T20:14:58","date_gmt":"2024-01-11T20:14:58","guid":{"rendered":"http:\/\/172.27.0.121\/?p=8107"},"modified":"2024-04-12T20:15:54","modified_gmt":"2024-04-12T20:15:54","slug":"presidente-maduro-exalto-esfuerzo-comunicacional-de-diosdado-cabello-en-defensa-de-la-revolucion","status":"publish","type":"post","link":"https:\/\/prensapresidencialvenezuela.gob.ve\/index.php\/2024\/01\/11\/presidente-maduro-exalto-esfuerzo-comunicacional-de-diosdado-cabello-en-defensa-de-la-revolucion\/","title":{"rendered":"Presidente Maduro exalt\u00f3 esfuerzo comunicacional de Diosdado Cabello en defensa de la Revoluci\u00f3n"},"content":{"rendered":"\n<p><strong>Palacio de Miraflores, Caracas.-<\/strong> El programa Con el Mazo Dando cumplir\u00e1 10 a\u00f1os este 2024 y en ese sentido el presidente de la Rep\u00fablica, Nicol\u00e1s Maduro Moros, exalt\u00f3 los esfuerzos realizados por el diputado y primer vicepresidente del Partido Socialista Unido de Venezuela (PSUV), Diosdado Cabello, por dar la batalla comunicacional.<\/p>\n\n\n\n<p>\u201cEn el 2013, est\u00e1bamos nosotros con tantos retos e incertidumbre al frente y uno de los temas claves que el comandante Ch\u00e1vez siempre se\u00f1al\u00f3 fue el tema comunicacional, \u00e9l dec\u00eda que era el tal\u00f3n de Aquiles de la Revoluci\u00f3n\u201d, coment\u00f3 el Presidente.<\/p>\n\n\n\n<p>El programa Con el Mazo Dando es transmitido el Sistema Nacional de Medios P\u00fablicos y las Redes Sociales con una frecuencia semanal. Es conducido por el diputado y primer vicepresidente del PSUV, Diosdado Cabello.<\/p>\n\n\n\n<p>El espacio tiene una amplia aceptaci\u00f3n en el p\u00fablico y a la fecha se han transmitido 449 episodios.<\/p>\n\n\n\n<p>Asimismo, cuenta con la portal web: <a href=\"https:\/\/mazo4f.com\/\">https:\/\/mazo4f.com\/<\/a> donde los usuarios y usuarias pueden tener acceso a las informaciones y videos generados desde el programa.<\/p>\n\n\n\n<p><strong>Prensa Presidencial\/Bianca Borrero<\/strong><\/p>\n","protected":false},"excerpt":{"rendered":"<p>Palacio de Miraflores, Caracas.- El programa Con el Mazo Dando cumplir\u00e1 10 a\u00f1os este 2024 y en ese sentido el presidente de la Rep\u00fablica, Nicol\u00e1s Maduro Moros, exalt\u00f3 los esfuerzos realizados por el diputado y primer vicepresidente del Partido Socialista Unido de Venezuela (PSUV), Diosdado Cabello, por dar la batalla comunicacional. \u201cEn el 2013, est\u00e1bamos [&hellip;]<\/p>\n","protected":false},"author":1,"featured_media":8108,"comment_status":"open","ping_status":"open","sticky":false,"template":"","format":"standard","meta":{"footnotes":""},"categories":[7],"tags":[],"class_list":["post-8107","post","type-post","status-publish","format-standard","has-post-thumbnail","hentry","category-notas-de-prensa"],"_links":{"self":[{"href":"https:\/\/prensapresidencialvenezuela.gob.ve\/index.php\/wp-json\/wp\/v2\/posts\/8107","targetHints":{"allow":["GET"]}}],"collection":[{"href":"https:\/\/prensapresidencialvenezuela.gob.ve\/index.php\/wp-json\/wp\/v2\/posts"}],"about":[{"href":"https:\/\/prensapresidencialvenezuela.gob.ve\/index.php\/wp-json\/wp\/v2\/types\/post"}],"author":[{"embeddable":true,"href":"https:\/\/prensapresidencialvenezuela.gob.ve\/index.php\/wp-json\/wp\/v2\/users\/1"}],"replies":[{"embeddable":true,"href":"https:\/\/prensapresidencialvenezuela.gob.ve\/index.php\/wp-json\/wp\/v2\/comments?post=8107"}],"version-history":[{"count":1,"href":"https:\/\/prensapresidencialvenezuela.gob.ve\/index.php\/wp-json\/wp\/v2\/posts\/8107\/revisions"}],"predecessor-version":[{"id":8109,"href":"https:\/\/prensapresidencialvenezuela.gob.ve\/index.php\/wp-json\/wp\/v2\/posts\/8107\/revisions\/8109"}],"wp:featuredmedia":[{"embeddable":true,"href":"https:\/\/prensapresidencialvenezuela.gob.ve\/index.php\/wp-json\/wp\/v2\/media\/8108"}],"wp:attachment":[{"href":"https:\/\/prensapresidencialvenezuela.gob.ve\/index.php\/wp-json\/wp\/v2\/media?parent=8107"}],"wp:term":[{"taxonomy":"category","embeddable":true,"href":"https:\/\/prensapresidencialvenezuela.gob.ve\/index.php\/wp-json\/wp\/v2\/categories?post=8107"},{"taxonomy":"post_tag","embeddable":true,"href":"https:\/\/prensapresidencialvenezuela.gob.ve\/index.php\/wp-json\/wp\/v2\/tags?post=8107"}],"curies":[{"name":"wp","href":"https:\/\/api.w.org\/{rel}","templated":true}]}}