{"id":8129,"date":"2024-03-01T20:22:00","date_gmt":"2024-03-01T20:22:00","guid":{"rendered":"http:\/\/172.27.0.121\/?p=8129"},"modified":"2024-04-12T20:25:45","modified_gmt":"2024-04-12T20:25:45","slug":"ralph-gonsalves-valora-alcances-de-la-gestion-celac-al-destacar-reduccion-de-tensiones-venezuela-guyana","status":"publish","type":"post","link":"https:\/\/prensapresidencialvenezuela.gob.ve\/index.php\/2024\/03\/01\/ralph-gonsalves-valora-alcances-de-la-gestion-celac-al-destacar-reduccion-de-tensiones-venezuela-guyana\/","title":{"rendered":"Ralph Gonsalves valora alcances de la gesti\u00f3n CELAC, al destacar reducci\u00f3n de tensiones Venezuela \u2013 Guyana"},"content":{"rendered":"\n<p><strong>Kingstown, San Vicente y las Granadinas.- <\/strong>Dando cuenta del \u00faltimo a\u00f1o de gesti\u00f3n de la presidencia pro tempore de San Vicente y las Granadinas a cargo de la Comunidad de Estados Latinoamericanos y Caribe\u00f1os (CELAC), el primer ministro del pa\u00eds del sur del Caribe, Ralph Gonsalves, valor\u00f3 los alcances en estos \u00faltimos tiempos con respecto a la protecci\u00f3n de los di\u00e1logos de paz en esta regi\u00f3n, al colocar como ejemplo que esta instancia junto a la Comunidad del Caribe (CARICOM) concret\u00f3 acciones espec\u00edficas para reducir las tensiones entre Venezuela y Guyana.<\/p>\n\n\n\n<p>Sobre la base de la controversia territorial que caracteriza a Venezuela y Guyana desde a\u00f1os, y en un contexto en el que Venezuela reafirma su compromiso irrestricto con el Acuerdo de Ginebra de 1966, este viernes, durante la deliberaci\u00f3n en la VIII Cumbre de la Comunidad de Estados Latinoamericanos y Caribe\u00f1os (Celac), que se desarrolla en San Vicente y Las Granadinas, Gonsalves subray\u00f3 que la \u201cCELAC y CARICOM, en solidaridad con Guyana y Venezuela, llevaron\u00a0 cabo un di\u00e1logo de paz en Argyle\u201d, en medio del debate en cuesti\u00f3n.<\/p>\n\n\n\n<p>Gonsalves explic\u00f3 que se evidenci\u00f3 que este ha sido un \u201cesfuerzo conjunto de la CELAC y la CARICOM como arquitectos\u201d, al tiempo que indic\u00f3 que \u201cSan Vicente y las Granadinas tiene un deber de reconocer la contribuci\u00f3n extraordinaria en este proceso de construcci\u00f3n de paz, del presidente Luiz In\u00e1cio Lula Da Silva, de Brasil; del presidente Petro, de Colombia; el presidente D\u00edaz Canel de Cuba; el primer ministro de la Mancomunidad de Dominica y presidente de CARICOM, Roosevelt Skerrit; y primera ministra de Barbados, Mia Mottley\u201d.<\/p>\n\n\n\n<p>El Primer Ministro caribe\u00f1o repas\u00f3 que estos han sido los resultados de un camino y la tarea de mantener al Caribe como una zona de paz, \u201cincluyendo los esfuerzos para reducir tensiones, temas fronterizos entre Guyana y Venezuela que result\u00f3 en la declaraci\u00f3n Argyle en diciembre de 2023\u201d, dijo en referencia a la \u201cdeclaraci\u00f3n, la CELAC y la CARICOM, sin ninguna participaci\u00f3n de extranjeros, porque las fuentes extranjeras entre Guyana y Venezuela buscan confusi\u00f3n\u201d.<\/p>\n\n\n\n<p>En este sentido, atribuy\u00f3 dichos alcances a la \u201cmadurez y visi\u00f3n de dos l\u00edderes de autoestima, dos combatientes de la paz, (Mohamed Irfaan) Al\u00ed de Guyana, y el presidente (Nicol\u00e1s) Maduro, sin duda, sin ellos, el pacto de Argyle, no ser\u00eda posible, agradecemos los esfuerzos que ha dado un hombre de paz Antonio Guterres, Secretario General de Naciones Unidas\u201d.<\/p>\n\n\n\n<p>El 14 de diciembre de 2023, tras el encuentro de los presidentes de Guyana y Venezuela, se alcanz\u00f3 la Declaraci\u00f3n conjunta de Argyle por el dialogo y la paz entre Guyana y Venezuela.<\/p>\n\n\n\n<p>En esa ocasi\u00f3n, los presidentes mantuvieron conversaciones sobre asuntos consecuentes al territorio en disputa entre sus dos pa\u00edses.<\/p>\n\n\n\n<p>Este hecho ha sido calificado como un hito hist\u00f3rico para Venezuela, en el toda la Regi\u00f3n de Am\u00e9rica Latina y el Caribe, se ratifican como zona de paz.<\/p>\n\n\n\n<p>A tal efecto, este viernes el primer ministro de San Vicente y las Granadinas pone en relieve la importancia de la \u00abtroika\u00bb Celac-Caricom-Brasil, con el cual se dio un paso fundamental hac\u00eda la implementaci\u00f3n correcta del Acuerdo de Ginebra, al que apuesta Venezuela.<\/p>\n\n\n\n<p><strong>Prensa Presidencial \/ Ana\u00eds P\u00e9rez<\/strong><\/p>\n","protected":false},"excerpt":{"rendered":"<p>Kingstown, San Vicente y las Granadinas.- Dando cuenta del \u00faltimo a\u00f1o de gesti\u00f3n de la presidencia pro tempore de San Vicente y las Granadinas a cargo de la Comunidad de Estados Latinoamericanos y Caribe\u00f1os (CELAC), el primer ministro del pa\u00eds del sur del Caribe, Ralph Gonsalves, valor\u00f3 los alcances en estos \u00faltimos tiempos con respecto [&hellip;]<\/p>\n","protected":false},"author":4,"featured_media":8139,"comment_status":"open","ping_status":"open","sticky":false,"template":"","format":"standard","meta":{"footnotes":""},"categories":[18,7],"tags":[],"class_list":["post-8129","post","type-post","status-publish","format-standard","has-post-thumbnail","hentry","category-noticias-principales","category-notas-de-prensa"],"_links":{"self":[{"href":"https:\/\/prensapresidencialvenezuela.gob.ve\/index.php\/wp-json\/wp\/v2\/posts\/8129","targetHints":{"allow":["GET"]}}],"collection":[{"href":"https:\/\/prensapresidencialvenezuela.gob.ve\/index.php\/wp-json\/wp\/v2\/posts"}],"about":[{"href":"https:\/\/prensapresidencialvenezuela.gob.ve\/index.php\/wp-json\/wp\/v2\/types\/post"}],"author":[{"embeddable":true,"href":"https:\/\/prensapresidencialvenezuela.gob.ve\/index.php\/wp-json\/wp\/v2\/users\/4"}],"replies":[{"embeddable":true,"href":"https:\/\/prensapresidencialvenezuela.gob.ve\/index.php\/wp-json\/wp\/v2\/comments?post=8129"}],"version-history":[{"count":1,"href":"https:\/\/prensapresidencialvenezuela.gob.ve\/index.php\/wp-json\/wp\/v2\/posts\/8129\/revisions"}],"predecessor-version":[{"id":8140,"href":"https:\/\/prensapresidencialvenezuela.gob.ve\/index.php\/wp-json\/wp\/v2\/posts\/8129\/revisions\/8140"}],"wp:featuredmedia":[{"embeddable":true,"href":"https:\/\/prensapresidencialvenezuela.gob.ve\/index.php\/wp-json\/wp\/v2\/media\/8139"}],"wp:attachment":[{"href":"https:\/\/prensapresidencialvenezuela.gob.ve\/index.php\/wp-json\/wp\/v2\/media?parent=8129"}],"wp:term":[{"taxonomy":"category","embeddable":true,"href":"https:\/\/prensapresidencialvenezuela.gob.ve\/index.php\/wp-json\/wp\/v2\/categories?post=8129"},{"taxonomy":"post_tag","embeddable":true,"href":"https:\/\/prensapresidencialvenezuela.gob.ve\/index.php\/wp-json\/wp\/v2\/tags?post=8129"}],"curies":[{"name":"wp","href":"https:\/\/api.w.org\/{rel}","templated":true}]}}