{"id":8147,"date":"2023-11-08T18:26:00","date_gmt":"2023-11-08T18:26:00","guid":{"rendered":"http:\/\/172.27.0.121\/?p=8147"},"modified":"2024-04-12T20:30:22","modified_gmt":"2024-04-12T20:30:22","slug":"presidente-maduro-hace-200-anos-triunfaron-las-armas-republicanas-de-la-gran-colombia","status":"publish","type":"post","link":"https:\/\/prensapresidencialvenezuela.gob.ve\/index.php\/2023\/11\/08\/presidente-maduro-hace-200-anos-triunfaron-las-armas-republicanas-de-la-gran-colombia\/","title":{"rendered":"Presidente Maduro: Hace 200 a\u00f1os triunfaron las armas republicanas de la Gran Colombia"},"content":{"rendered":"\n<p><strong>Puerto Cabello, estado Carabobo.- <\/strong>Al expresar \u201cuna profunda emoci\u00f3n\u201d por la celebraci\u00f3n del Bicentenario de la Toma de Puerto Cabello, el presidente de la Rep\u00fablica, Nicol\u00e1s Maduro Moros, exalt\u00f3 la uni\u00f3n c\u00edvico-militar del pueblo que hace 200 a\u00f1os batall\u00f3 para liberar Puerto Cabello del imperio espa\u00f1ol.<\/p>\n\n\n\n<p>\u201cLa persistencia y la perseverancia de una generaci\u00f3n que se atrevi\u00f3 a rebelarse al imperio que dominaba estas tierras por 300 a\u00f1os (\u2026) muchachos, militares, j\u00f3venes militares de nuestra Venezuela libre, independiente, de la Venezuela del siglo XXI en su sangre corre la sangre de los que sacrificaron toda su vida para irse a la guerra una generaci\u00f3n que le plant\u00f3 frente revel\u00f3 al imperio espa\u00f1ol\u201d, expres\u00f3 el Dignatario durante el acto conmemorativo del Bicentenario de la Liberaci\u00f3n de Puerto Cabello.<\/p>\n\n\n\n<p>Desde la Plaza Bol\u00edvar de esta ciudad carabobe\u00f1a, el Jefe de Estado destac\u00f3 que el pueblo venezolano va en la ruta bicentenaria, de la mano de los valores de soberan\u00eda e independencia que caracteriza a la Revoluci\u00f3n Bolivariana.<\/p>\n\n\n\n<p>Tras hacer un an\u00e1lisis sobre la historia venezolana, el Mandatario asever\u00f3 que solo la uni\u00f3n, la persistencia y la b\u00fasqueda de la dignidad, el honor, libertad e independencia, as\u00ed como tambi\u00e9n el liderazgo del Libertador Sim\u00f3n Bol\u00edvar, se logr\u00f3 \u201cla ofensiva revolucionaria del ejercito libertador junto a Antonio Jos\u00e9 de Sucre, en contra de la corona espa\u00f1ola\u201d.<\/p>\n\n\n\n<p>En contexto, exhort\u00f3 al pueblo a recordar la historia y las tierras ganadas a trav\u00e9s de la lucha por la independencia, liderada por nuestros pr\u00f3ceres.<\/p>\n\n\n\n<p>\u201cEn 1823 echamos de tierras venezolana los restos del imperio espa\u00f1ol, un a\u00f1o despu\u00e9s Bol\u00edvar y Sucre echaban de Sudam\u00e9rica todos los restos del ej\u00e9rcito espa\u00f1ol colonial que hab\u00eda cometido el m\u00e1s grande genocidio de la historia en tierras americanas. Momentos de gloria momentos, gracias a la conciencia del pueblo venezolano\u201d.<\/p>\n\n\n\n<p>Finalmente, insisti\u00f3 en la necesidad de constituir una poderosa fuerza t\u00e1ctica que garantice la seguridad y defensa del territorio venezolano, ante las pretensiones del enemigo.<\/p>\n\n\n\n<p>\u201cFuimos gloriosos hace 200 a\u00f1os porque ten\u00edamos una fuerza militar fuerte, que se lo grabe el pueblo, que se lo grabe el Ej\u00e9rcito (\u2026) la gloria se garantiza y la independencia se garantiza si somos poderosos en lo militar (\u2026) si nuestro pueblo est\u00e1 consciente, despierto, activado, organizado, movilizado y si se une el poder del pueblo con el militar ah\u00ed somos invencibles frente a los retos que nos toquen.\u201d, concluy\u00f3<\/p>\n\n\n\n<p>Prensa Presidencial\/Joelin Jim\u00e9nez<\/p>\n","protected":false},"excerpt":{"rendered":"<p>Puerto Cabello, estado Carabobo.- Al expresar \u201cuna profunda emoci\u00f3n\u201d por la celebraci\u00f3n del Bicentenario de la Toma de Puerto Cabello, el presidente de la Rep\u00fablica, Nicol\u00e1s Maduro Moros, exalt\u00f3 la uni\u00f3n c\u00edvico-militar del pueblo que hace 200 a\u00f1os batall\u00f3 para liberar Puerto Cabello del imperio espa\u00f1ol. \u201cLa persistencia y la perseverancia de una generaci\u00f3n que [&hellip;]<\/p>\n","protected":false},"author":6,"featured_media":8157,"comment_status":"open","ping_status":"open","sticky":false,"template":"","format":"standard","meta":{"footnotes":""},"categories":[18,7],"tags":[30,38,154,19,27,20],"class_list":["post-8147","post","type-post","status-publish","format-standard","has-post-thumbnail","hentry","category-noticias-principales","category-notas-de-prensa","tag-destacado","tag-diplomacia-bolivariana-de-paz","tag-gran-colombia","tag-nicolas-maduro","tag-revolucion-bolivariana","tag-venezuela"],"_links":{"self":[{"href":"https:\/\/prensapresidencialvenezuela.gob.ve\/index.php\/wp-json\/wp\/v2\/posts\/8147","targetHints":{"allow":["GET"]}}],"collection":[{"href":"https:\/\/prensapresidencialvenezuela.gob.ve\/index.php\/wp-json\/wp\/v2\/posts"}],"about":[{"href":"https:\/\/prensapresidencialvenezuela.gob.ve\/index.php\/wp-json\/wp\/v2\/types\/post"}],"author":[{"embeddable":true,"href":"https:\/\/prensapresidencialvenezuela.gob.ve\/index.php\/wp-json\/wp\/v2\/users\/6"}],"replies":[{"embeddable":true,"href":"https:\/\/prensapresidencialvenezuela.gob.ve\/index.php\/wp-json\/wp\/v2\/comments?post=8147"}],"version-history":[{"count":2,"href":"https:\/\/prensapresidencialvenezuela.gob.ve\/index.php\/wp-json\/wp\/v2\/posts\/8147\/revisions"}],"predecessor-version":[{"id":8161,"href":"https:\/\/prensapresidencialvenezuela.gob.ve\/index.php\/wp-json\/wp\/v2\/posts\/8147\/revisions\/8161"}],"wp:featuredmedia":[{"embeddable":true,"href":"https:\/\/prensapresidencialvenezuela.gob.ve\/index.php\/wp-json\/wp\/v2\/media\/8157"}],"wp:attachment":[{"href":"https:\/\/prensapresidencialvenezuela.gob.ve\/index.php\/wp-json\/wp\/v2\/media?parent=8147"}],"wp:term":[{"taxonomy":"category","embeddable":true,"href":"https:\/\/prensapresidencialvenezuela.gob.ve\/index.php\/wp-json\/wp\/v2\/categories?post=8147"},{"taxonomy":"post_tag","embeddable":true,"href":"https:\/\/prensapresidencialvenezuela.gob.ve\/index.php\/wp-json\/wp\/v2\/tags?post=8147"}],"curies":[{"name":"wp","href":"https:\/\/api.w.org\/{rel}","templated":true}]}}