{"id":8150,"date":"2024-01-15T20:27:53","date_gmt":"2024-01-15T20:27:53","guid":{"rendered":"http:\/\/172.27.0.121\/?p=8150"},"modified":"2024-04-12T20:29:28","modified_gmt":"2024-04-12T20:29:28","slug":"presidente-instruye-garantizar-transferencia-de-competencias-y-recursos-al-poder-popular","status":"publish","type":"post","link":"https:\/\/prensapresidencialvenezuela.gob.ve\/index.php\/2024\/01\/15\/presidente-instruye-garantizar-transferencia-de-competencias-y-recursos-al-poder-popular\/","title":{"rendered":"Presidente instruye garantizar transferencia de competencias y recursos al Poder Popular"},"content":{"rendered":"\n<p><\/p>\n\n\n\n<p><strong>Palacio Federal Legislativo, Caracas.- <\/strong>\u201cDebemos garantizar -Jorge Arreaza- a los voceros, voceras, comuneros y comuneras que en el a\u00f1o 2024 sea el gran a\u00f1o de transferencia de competencias y recursos al Poder Popular. Es una orden que estoy dando, quiero cada mes tener en mi agenda de trabajo la transferencia municipal, regional y nacional de competencias y recursos a las comunidades organizadas\u201d.<\/p>\n\n\n\n<p>Las palabras corresponden al presidente de la Rep\u00fablica, Nicol\u00e1s Maduro, al instruir que las competencias y recursos sean transferidas al Poder Popular este a\u00f1o, con el prop\u00f3sito de garantizar la democracia directa, \u201cla cual debe ser leg\u00edtima en su forma y coherente en su fondo\u201d.<\/p>\n\n\n\n<p>Desde la sede de la Asamblea Nacional, durante la presentaci\u00f3n del Mensaje Anual a la Naci\u00f3n, el Mandatario resalt\u00f3 que en el 2023, gracias al voto popular y a la participaci\u00f3n activa de las comunidades se logr\u00f3 renovar 32 mil Consejos Comunales de los m\u00e1s de 49 mil que funcionan en el pa\u00eds.<\/p>\n\n\n\n<p>\u201cTenemos 1.300.000 vocer\u00edas nuevas, repotenciadas con el voto del pueblo que represent\u00f3 el 42.9% del padr\u00f3n electoral del pa\u00eds (\u2026) Una verdadera democracia participativa y protag\u00f3nica que permiti\u00f3 la renovaci\u00f3n del 69% de las vocer\u00edas\u201d, indic\u00f3.<\/p>\n\n\n\n<p>Asimismo, destac\u00f3 que el legado que construy\u00f3 y fund\u00f3 el Comandante Ch\u00e1vez para las generaciones futuras fue el Poder Popular, los Consejos Comunales, las Comunas, el pueblo y las formas de organizaci\u00f3n popular.<\/p>\n\n\n\n<p>\u201cA ellos nos debemos, debemos gobernar junto a ese pueblo y recibir sus propuestas y cr\u00edticas (\u2026) con el pueblo siempre, sin el pueblo nada\u201d, apunt\u00f3.<\/p>\n\n\n\n<p><strong>Prensa Presidencial\/Joelin Jim\u00e9nez<\/strong><\/p>\n","protected":false},"excerpt":{"rendered":"<p>Palacio Federal Legislativo, Caracas.- \u201cDebemos garantizar -Jorge Arreaza- a los voceros, voceras, comuneros y comuneras que en el a\u00f1o 2024 sea el gran a\u00f1o de transferencia de competencias y recursos al Poder Popular. Es una orden que estoy dando, quiero cada mes tener en mi agenda de trabajo la transferencia municipal, regional y nacional de [&hellip;]<\/p>\n","protected":false},"author":1,"featured_media":8154,"comment_status":"open","ping_status":"open","sticky":false,"template":"","format":"standard","meta":{"footnotes":""},"categories":[7],"tags":[],"class_list":["post-8150","post","type-post","status-publish","format-standard","has-post-thumbnail","hentry","category-notas-de-prensa"],"_links":{"self":[{"href":"https:\/\/prensapresidencialvenezuela.gob.ve\/index.php\/wp-json\/wp\/v2\/posts\/8150","targetHints":{"allow":["GET"]}}],"collection":[{"href":"https:\/\/prensapresidencialvenezuela.gob.ve\/index.php\/wp-json\/wp\/v2\/posts"}],"about":[{"href":"https:\/\/prensapresidencialvenezuela.gob.ve\/index.php\/wp-json\/wp\/v2\/types\/post"}],"author":[{"embeddable":true,"href":"https:\/\/prensapresidencialvenezuela.gob.ve\/index.php\/wp-json\/wp\/v2\/users\/1"}],"replies":[{"embeddable":true,"href":"https:\/\/prensapresidencialvenezuela.gob.ve\/index.php\/wp-json\/wp\/v2\/comments?post=8150"}],"version-history":[{"count":1,"href":"https:\/\/prensapresidencialvenezuela.gob.ve\/index.php\/wp-json\/wp\/v2\/posts\/8150\/revisions"}],"predecessor-version":[{"id":8155,"href":"https:\/\/prensapresidencialvenezuela.gob.ve\/index.php\/wp-json\/wp\/v2\/posts\/8150\/revisions\/8155"}],"wp:featuredmedia":[{"embeddable":true,"href":"https:\/\/prensapresidencialvenezuela.gob.ve\/index.php\/wp-json\/wp\/v2\/media\/8154"}],"wp:attachment":[{"href":"https:\/\/prensapresidencialvenezuela.gob.ve\/index.php\/wp-json\/wp\/v2\/media?parent=8150"}],"wp:term":[{"taxonomy":"category","embeddable":true,"href":"https:\/\/prensapresidencialvenezuela.gob.ve\/index.php\/wp-json\/wp\/v2\/categories?post=8150"},{"taxonomy":"post_tag","embeddable":true,"href":"https:\/\/prensapresidencialvenezuela.gob.ve\/index.php\/wp-json\/wp\/v2\/tags?post=8150"}],"curies":[{"name":"wp","href":"https:\/\/api.w.org\/{rel}","templated":true}]}}