{"id":8153,"date":"2024-03-01T20:28:00","date_gmt":"2024-03-01T20:28:00","guid":{"rendered":"http:\/\/172.27.0.121\/?p=8153"},"modified":"2024-04-12T20:30:43","modified_gmt":"2024-04-12T20:30:43","slug":"presidente-maduro-denuncia-papel-de-la-justicia-internacional-que-favorece-a-los-imperios-y-actua-contra-los-pueblos","status":"publish","type":"post","link":"https:\/\/prensapresidencialvenezuela.gob.ve\/index.php\/2024\/03\/01\/presidente-maduro-denuncia-papel-de-la-justicia-internacional-que-favorece-a-los-imperios-y-actua-contra-los-pueblos\/","title":{"rendered":"Presidente Maduro denuncia papel de la \u201cjusticia internacional\u201d que favorece a los imperios y act\u00faa contra los pueblos"},"content":{"rendered":"\n<p><strong>Kingstown, San Vicente y las Granadinas. &#8211;&nbsp;<\/strong>El presidente de la Rep\u00fablica Bolivariana de Venezuela, Nicol\u00e1s Maduro, fustig\u00f3 el rol de la justicia internacional, a la cual defini\u00f3 como una justicia que apunta a favorecer a los imperios, tapar sus cr\u00edmenes y lamentablemente perseguir a los pueblos.<\/p>\n\n\n\n<p>En declaraciones ofrecidas a medios internacionales que dan cobertura a la VIII Cumbre de la Comunidad de Estados Latinoamericanos y Caribe\u00f1os (Celac), que se desarrolla en San Vicente y Las Granadinas, el jefe de Estado plante\u00f3 la contradicci\u00f3n que envuelve este tema: Papel de la justicia internacional.<\/p>\n\n\n\n<p>En este sentido, adelant\u00f3 a los periodistas que lo abordaron, que Venezuela destacar\u00eda en esta octava Cumbre, en horas del mediod\u00eda, en relaci\u00f3n al tema del genocidio en Gaza.<\/p>\n\n\n\n<p>\u201cVamos a debatir ahora al mediod\u00eda sobre el genocidio de Gaza y c\u00f3mo la justicia internacional no funciona para detener el genocidio, la masacre diaria, brutal. \u00bfY la justicia internacional d\u00f3nde est\u00e1?, para proteger al pueblo de Gaza de esto\u201d, reflexion\u00f3 el Mandatario venezolano.<\/p>\n\n\n\n<p>El Dignatario bolivariano fustig\u00f3 que solo exista \u201cla justicia internacional para favorecer los intereses del imperialismo norteamericano, de Europa y Occidente, para tapar los cr\u00edmenes de los asesinos que mandan a masacrar como la masacre de hace dos d\u00edas, de un grupo familias palestinas, ni\u00f1os, mujeres, hombres de bien, estaban recibiendo su alimento, porque quieren matar de hambre al pueblo palestino (\u2026) cuando estaban recibiendo en paz su alimento, vinieron soldados con armas y les dispararon, los masacraron, m\u00e1s de 107 muertos. \u00bfC\u00f3mo se llama eso, derechos humanos, derecho internacional?\u201d, ejemplific\u00f3.<\/p>\n\n\n\n<p>Insisti\u00f3 en introducir en este debate, las siguientes interrogantes: \u201c\u00bfd\u00f3nde est\u00e1 la justicia internacional?, \u00bfsolo sirven para perseguir los procesos independentistas? \u00bfpara qu\u00e9 sirve esa justicia internacional? \u00bfEs justicia internacional o es justicia de los imperios para perseguir a los pueblos y para tapar sus cr\u00edmenes? Esa es la gran pregunta\u201d, asever\u00f3 el jefe de Estado venezolano.<\/p>\n\n\n\n<p><strong>Prensa Presidencial \/ Ana\u00eds P\u00e9rez<\/strong><\/p>\n","protected":false},"excerpt":{"rendered":"<p>Kingstown, San Vicente y las Granadinas. &#8211;&nbsp;El presidente de la Rep\u00fablica Bolivariana de Venezuela, Nicol\u00e1s Maduro, fustig\u00f3 el rol de la justicia internacional, a la cual defini\u00f3 como una justicia que apunta a favorecer a los imperios, tapar sus cr\u00edmenes y lamentablemente perseguir a los pueblos. En declaraciones ofrecidas a medios internacionales que dan cobertura [&hellip;]<\/p>\n","protected":false},"author":4,"featured_media":8160,"comment_status":"open","ping_status":"open","sticky":false,"template":"","format":"standard","meta":{"footnotes":""},"categories":[18,7],"tags":[],"class_list":["post-8153","post","type-post","status-publish","format-standard","has-post-thumbnail","hentry","category-noticias-principales","category-notas-de-prensa"],"_links":{"self":[{"href":"https:\/\/prensapresidencialvenezuela.gob.ve\/index.php\/wp-json\/wp\/v2\/posts\/8153","targetHints":{"allow":["GET"]}}],"collection":[{"href":"https:\/\/prensapresidencialvenezuela.gob.ve\/index.php\/wp-json\/wp\/v2\/posts"}],"about":[{"href":"https:\/\/prensapresidencialvenezuela.gob.ve\/index.php\/wp-json\/wp\/v2\/types\/post"}],"author":[{"embeddable":true,"href":"https:\/\/prensapresidencialvenezuela.gob.ve\/index.php\/wp-json\/wp\/v2\/users\/4"}],"replies":[{"embeddable":true,"href":"https:\/\/prensapresidencialvenezuela.gob.ve\/index.php\/wp-json\/wp\/v2\/comments?post=8153"}],"version-history":[{"count":1,"href":"https:\/\/prensapresidencialvenezuela.gob.ve\/index.php\/wp-json\/wp\/v2\/posts\/8153\/revisions"}],"predecessor-version":[{"id":8163,"href":"https:\/\/prensapresidencialvenezuela.gob.ve\/index.php\/wp-json\/wp\/v2\/posts\/8153\/revisions\/8163"}],"wp:featuredmedia":[{"embeddable":true,"href":"https:\/\/prensapresidencialvenezuela.gob.ve\/index.php\/wp-json\/wp\/v2\/media\/8160"}],"wp:attachment":[{"href":"https:\/\/prensapresidencialvenezuela.gob.ve\/index.php\/wp-json\/wp\/v2\/media?parent=8153"}],"wp:term":[{"taxonomy":"category","embeddable":true,"href":"https:\/\/prensapresidencialvenezuela.gob.ve\/index.php\/wp-json\/wp\/v2\/categories?post=8153"},{"taxonomy":"post_tag","embeddable":true,"href":"https:\/\/prensapresidencialvenezuela.gob.ve\/index.php\/wp-json\/wp\/v2\/tags?post=8153"}],"curies":[{"name":"wp","href":"https:\/\/api.w.org\/{rel}","templated":true}]}}