{"id":816,"date":"2022-01-15T19:16:00","date_gmt":"2022-01-15T19:16:00","guid":{"rendered":"http:\/\/172.27.0.121\/?p=816"},"modified":"2022-05-28T19:18:36","modified_gmt":"2022-05-28T19:18:36","slug":"gobierno-nacional-creara-plan-para-estabilizar-la-calidad-de-los-servicios-publicos","status":"publish","type":"post","link":"https:\/\/prensapresidencialvenezuela.gob.ve\/index.php\/2022\/01\/15\/gobierno-nacional-creara-plan-para-estabilizar-la-calidad-de-los-servicios-publicos\/","title":{"rendered":"Gobierno Nacional crear\u00e1 plan para estabilizar\u00a0la calidad de los servicios p\u00fablicos"},"content":{"rendered":"\n<p><strong>Palacio Federal Legislativo, Caracas.-<\/strong> \u201cTenemos un reto este a\u00f1o 2022: estabilizar y garantizar la calidad de todos los servicios p\u00fablicos del pa\u00eds, en uni\u00f3n de esfuerzos entre Alcald\u00edas, Gobernaciones, Gobierno Nacional y Poder Popular\u201d, orient\u00f3 el jefe de Estado y de Gobierno, Nicol\u00e1s Maduro Moros, durante su Mensaje Anual a la Naci\u00f3n.<\/p>\n\n\n\n<p>En este sentido, destac\u00f3 que ya existen iniciativas que permiten avanzar en este camino, aunque es necesario avanzar m\u00e1s.<\/p>\n\n\n\n<p>\u201cDebemos avanzar en un plan para restituir plenamente el servicio de agua, para establecer plenamente el servicio el\u00e9ctrico, avanzar en un plan para aumentar la frecuencia del servicio de gas, es un clamor del pueblo\u201d, orden\u00f3 el Mandatario nacional.<\/p>\n\n\n\n<p>El Presidente reconoci\u00f3 la desmejora en la prestaci\u00f3n de los servicios b\u00e1sicos, producto de la guerra el\u00e9ctrica, el bloqueo econ\u00f3mico y financiero y la indolencia de algunos funcionarios p\u00fablicos, al tiempo que asever\u00f3 que el imperio norteamericano utiliza la guerra el\u00e9ctrica como arma contra el pueblo.<\/p>\n\n\n\n<p>\u201cUtilizan la guerra el\u00e9ctrica para da\u00f1ar la econom\u00eda,&nbsp; utilizan la guerra el\u00e9ctrica para da\u00f1ar la vida del pueblo, utilizan la guerra el\u00e9ctrica permanente como un arma para afectar a otros servicios como el agua\u201d, puntualiz\u00f3.<\/p>\n\n\n\n<p>Desde el Palacio Federal Legislativo, ubicado en Caracas, el Dignatario resalt\u00f3 la importancia de mantener todas las necesidades b\u00e1sicas satisfechas y trabajar en ella generaci\u00f3n de riquezas y en la inversi\u00f3n social.<\/p>\n\n\n\n<p><strong>Prensa Presidencial\/Karla Cotoret<\/strong><\/p>\n","protected":false},"excerpt":{"rendered":"<p>Palacio Federal Legislativo, Caracas.- \u201cTenemos un reto este a\u00f1o 2022: estabilizar y garantizar la calidad de todos los servicios p\u00fablicos del pa\u00eds, en uni\u00f3n de esfuerzos entre Alcald\u00edas, Gobernaciones, Gobierno Nacional y Poder Popular\u201d, orient\u00f3 el jefe de Estado y de Gobierno, Nicol\u00e1s Maduro Moros, durante su Mensaje Anual a la Naci\u00f3n. En este sentido, [&hellip;]<\/p>\n","protected":false},"author":6,"featured_media":817,"comment_status":"open","ping_status":"open","sticky":false,"template":"","format":"standard","meta":{"footnotes":""},"categories":[7],"tags":[],"class_list":["post-816","post","type-post","status-publish","format-standard","has-post-thumbnail","hentry","category-notas-de-prensa"],"_links":{"self":[{"href":"https:\/\/prensapresidencialvenezuela.gob.ve\/index.php\/wp-json\/wp\/v2\/posts\/816","targetHints":{"allow":["GET"]}}],"collection":[{"href":"https:\/\/prensapresidencialvenezuela.gob.ve\/index.php\/wp-json\/wp\/v2\/posts"}],"about":[{"href":"https:\/\/prensapresidencialvenezuela.gob.ve\/index.php\/wp-json\/wp\/v2\/types\/post"}],"author":[{"embeddable":true,"href":"https:\/\/prensapresidencialvenezuela.gob.ve\/index.php\/wp-json\/wp\/v2\/users\/6"}],"replies":[{"embeddable":true,"href":"https:\/\/prensapresidencialvenezuela.gob.ve\/index.php\/wp-json\/wp\/v2\/comments?post=816"}],"version-history":[{"count":1,"href":"https:\/\/prensapresidencialvenezuela.gob.ve\/index.php\/wp-json\/wp\/v2\/posts\/816\/revisions"}],"predecessor-version":[{"id":818,"href":"https:\/\/prensapresidencialvenezuela.gob.ve\/index.php\/wp-json\/wp\/v2\/posts\/816\/revisions\/818"}],"wp:featuredmedia":[{"embeddable":true,"href":"https:\/\/prensapresidencialvenezuela.gob.ve\/index.php\/wp-json\/wp\/v2\/media\/817"}],"wp:attachment":[{"href":"https:\/\/prensapresidencialvenezuela.gob.ve\/index.php\/wp-json\/wp\/v2\/media?parent=816"}],"wp:term":[{"taxonomy":"category","embeddable":true,"href":"https:\/\/prensapresidencialvenezuela.gob.ve\/index.php\/wp-json\/wp\/v2\/categories?post=816"},{"taxonomy":"post_tag","embeddable":true,"href":"https:\/\/prensapresidencialvenezuela.gob.ve\/index.php\/wp-json\/wp\/v2\/tags?post=816"}],"curies":[{"name":"wp","href":"https:\/\/api.w.org\/{rel}","templated":true}]}}