{"id":8186,"date":"2024-03-01T20:39:00","date_gmt":"2024-03-01T20:39:00","guid":{"rendered":"http:\/\/172.27.0.121\/?p=8186"},"modified":"2024-04-12T20:43:22","modified_gmt":"2024-04-12T20:43:22","slug":"venezuela-y-brasil-refuerzan-sus-alianzas","status":"publish","type":"post","link":"https:\/\/prensapresidencialvenezuela.gob.ve\/index.php\/2024\/03\/01\/venezuela-y-brasil-refuerzan-sus-alianzas\/","title":{"rendered":"Venezuela y Brasil refuerzan sus alianzas"},"content":{"rendered":"\n<p><strong><strong>Kingstown<\/strong>, San Vicente y las Granadinas.-<\/strong> El jefe de Estado y de Gobierno venezolano, Nicol\u00e1s Maduro, sostiene este viernes un encuentro con su hom\u00f3logo carioca, Luiz In\u00e1cio Lula da Silva, para repasar la agenda de cooperaci\u00f3n estrat\u00e9gica entre ambos pa\u00edses.<\/p>\n\n\n\n<p>Tras una amplia agenda de trabajo entre los presidentes de Venezuela, Nicol\u00e1s Maduro, y de Brasil, Luiz In\u00e1cio Lula da Silva, efectuada en mayo de 2023 se concret\u00f3 la firma de acuerdos estrat\u00e9gicos para el desarrollo de ambas naciones.<\/p>\n\n\n\n<p>Desde el Palacio de Itamaraty se suscribi\u00f3 un Memor\u00e1ndum de Entendimiento en materia agroalimentaria, motivados por la voluntad pol\u00edtica de explorar oportunidades y profundizar los intercambios en las \u00e1reas de agricultura, ganader\u00eda, soberan\u00eda y seguridad alimentaria y nutricional.<\/p>\n\n\n\n<p>Asimismo, convencidos de la importancia de promover la cooperaci\u00f3n t\u00e9cnica Sur-Sur basada en el intercambio de conocimientos y experiencias para enfrentar desaf\u00edos similares de desarrollo socioecon\u00f3mico se rubric\u00f3 el Memor\u00e1ndum de Entendimiento&nbsp; para el Establecimiento del Mecanismo de Supervisi\u00f3n y Seguimiento del Programa de Cooperaci\u00f3n Bilateral Brasil-Venezuela.<\/p>\n\n\n\n<p>Asimismo, el Dignatario recibi\u00f3 en febrero de este a\u00f1o las cartas credenciales que acreditan a Gliv\u00e2nia Mar\u00eda de Oliveira como Embajadora de la Rep\u00fablica Federativa de Brasil ante la Rep\u00fablica Bolivariana de Venezuela.<\/p>\n\n\n\n<p>En este sentido, Caracas y Brasilia reafirman la cooperaci\u00f3n&nbsp; y la intenci\u00f3n de profundizar el intercambio econ\u00f3mico y comercial, que alcanz\u00f3 los 6 mil millones de d\u00f3lares en 2013.<\/p>\n\n\n\n<p><strong>Prensa Presidencial \/ Karla Cotoret<\/strong><\/p>\n","protected":false},"excerpt":{"rendered":"<p>Kingstown, San Vicente y las Granadinas.- El jefe de Estado y de Gobierno venezolano, Nicol\u00e1s Maduro, sostiene este viernes un encuentro con su hom\u00f3logo carioca, Luiz In\u00e1cio Lula da Silva, para repasar la agenda de cooperaci\u00f3n estrat\u00e9gica entre ambos pa\u00edses. Tras una amplia agenda de trabajo entre los presidentes de Venezuela, Nicol\u00e1s Maduro, y de [&hellip;]<\/p>\n","protected":false},"author":4,"featured_media":8198,"comment_status":"open","ping_status":"open","sticky":false,"template":"","format":"standard","meta":{"footnotes":""},"categories":[18,7],"tags":[],"class_list":["post-8186","post","type-post","status-publish","format-standard","has-post-thumbnail","hentry","category-noticias-principales","category-notas-de-prensa"],"_links":{"self":[{"href":"https:\/\/prensapresidencialvenezuela.gob.ve\/index.php\/wp-json\/wp\/v2\/posts\/8186","targetHints":{"allow":["GET"]}}],"collection":[{"href":"https:\/\/prensapresidencialvenezuela.gob.ve\/index.php\/wp-json\/wp\/v2\/posts"}],"about":[{"href":"https:\/\/prensapresidencialvenezuela.gob.ve\/index.php\/wp-json\/wp\/v2\/types\/post"}],"author":[{"embeddable":true,"href":"https:\/\/prensapresidencialvenezuela.gob.ve\/index.php\/wp-json\/wp\/v2\/users\/4"}],"replies":[{"embeddable":true,"href":"https:\/\/prensapresidencialvenezuela.gob.ve\/index.php\/wp-json\/wp\/v2\/comments?post=8186"}],"version-history":[{"count":1,"href":"https:\/\/prensapresidencialvenezuela.gob.ve\/index.php\/wp-json\/wp\/v2\/posts\/8186\/revisions"}],"predecessor-version":[{"id":8199,"href":"https:\/\/prensapresidencialvenezuela.gob.ve\/index.php\/wp-json\/wp\/v2\/posts\/8186\/revisions\/8199"}],"wp:featuredmedia":[{"embeddable":true,"href":"https:\/\/prensapresidencialvenezuela.gob.ve\/index.php\/wp-json\/wp\/v2\/media\/8198"}],"wp:attachment":[{"href":"https:\/\/prensapresidencialvenezuela.gob.ve\/index.php\/wp-json\/wp\/v2\/media?parent=8186"}],"wp:term":[{"taxonomy":"category","embeddable":true,"href":"https:\/\/prensapresidencialvenezuela.gob.ve\/index.php\/wp-json\/wp\/v2\/categories?post=8186"},{"taxonomy":"post_tag","embeddable":true,"href":"https:\/\/prensapresidencialvenezuela.gob.ve\/index.php\/wp-json\/wp\/v2\/tags?post=8186"}],"curies":[{"name":"wp","href":"https:\/\/api.w.org\/{rel}","templated":true}]}}