{"id":8207,"date":"2024-01-15T20:45:11","date_gmt":"2024-01-15T20:45:11","guid":{"rendered":"http:\/\/172.27.0.121\/?p=8207"},"modified":"2024-04-12T20:46:07","modified_gmt":"2024-04-12T20:46:07","slug":"venezuela-tiene-garantizado-su-futuro-en-cada-nino-y-nina-de-la-patria","status":"publish","type":"post","link":"https:\/\/prensapresidencialvenezuela.gob.ve\/index.php\/2024\/01\/15\/venezuela-tiene-garantizado-su-futuro-en-cada-nino-y-nina-de-la-patria\/","title":{"rendered":"Venezuela tiene garantizado su futuro en cada ni\u00f1o y ni\u00f1a de la Patria"},"content":{"rendered":"\n<p><\/p>\n\n\n\n<p><strong>Palacio Federal Legislativo, Caracas.\u2013 <\/strong>Al subrayar la importancia de seguir avanzando en la independencia cient\u00edfica y tecnol\u00f3gica, el presidente de la Rep\u00fablica Bolivariana de Venezuela, Nicol\u00e1s Maduro, destac\u00f3 que Venezuela tiene garantizado su futuro en cada ni\u00f1o y ni\u00f1a de la Patria.<\/p>\n\n\n\n<p>\u201cVenezuela tiene garantizado su futuro en esa generaci\u00f3n genial de ni\u00f1os y ni\u00f1as que desde la ciencia, la tecnolog\u00eda, la educaci\u00f3n y cultura, se est\u00e1 levantando en nuestro pa\u00eds\u201d, reiter\u00f3.<\/p>\n\n\n\n<p>Asimismo, el Dignatario venezolano indic\u00f3 que \u201cesos ni\u00f1os de 2, 4, 6, 8, 10 a\u00f1os, son verdaderos genios que se est\u00e1n levantando en Venezuela para las artes, para la m\u00fasica, para las ciencias, para la tecnolog\u00eda y para todo lo que tiene que ver con el conocimiento y la creaci\u00f3n venezolana\u201d.<\/p>\n\n\n\n<p>Felicit\u00f3 al semillero de ni\u00f1os y ni\u00f1as de Venezuela quienes \u201cacumularon grandes \u00e9xitos a nivel mundial en competencias de rob\u00f3tica, de matem\u00e1tica\u201d, detall\u00f3.<\/p>\n\n\n\n<p>Inst\u00f3 a seguir perseverando en el desarrollo de la identidad nacional, a su vez que se exprese en el rescate de la diversidad cultural de Venezuela.<\/p>\n\n\n\n<p>\u201cEstamos resueltos a ser libres, independientes, soberanos, concentramos nuestras fuerzas, trabajamos, dise\u00f1amos estrategias y nos mantenemos en alerta m\u00e1s que nunca para que Venezuela m\u00e1s nunca vuelva a ser colonia de ning\u00fan imperio en el mundo\u201d, acentu\u00f3.<\/p>\n\n\n\n<p><strong>Logro cultural en 2023<\/strong><\/p>\n\n\n\n<p>\u201cLogramos la declaraci\u00f3n de la novena manifestaci\u00f3n cultural venezolana declarada a nivel mundial por la UNESCO como patrimonio de la humanidad y se trata del programa de salvaguardia de Bandos y Parrandas de los Santos Inocentes de Caucagua\u201d.<\/p>\n\n\n\n<p>As\u00ed manifest\u00f3 el presidente venezolano, Nicol\u00e1s Maduro, al reflejar el logro obtenido en el \u00e1rea cultural ante La Organizaci\u00f3n de las Naciones Unidas para la Educaci\u00f3n, la Ciencia y la Cultura (UNESCO) durante el a\u00f1o 2023.<\/p>\n\n\n\n<p>Destac\u00f3 adem\u00e1s que \u201cestamos en un momento bueno de la identidad venezolana, del amor por Venezuela, de la nueva venezolanidad\u201d.<\/p>\n\n\n\n<p>Estos avances est\u00e1n enmarcados en la sexta l\u00ednea de trabajo realizada por el Ejecutivo Nacional durante el a\u00f1o 2023 la cual es Avanzar en la Independencia Integral y la Descolonizaci\u00f3n de Venezuela.<\/p>\n\n\n\n<p><strong>Prensa Presidencial\/Eduardo Hueck<\/strong><\/p>\n","protected":false},"excerpt":{"rendered":"<p>Palacio Federal Legislativo, Caracas.\u2013 Al subrayar la importancia de seguir avanzando en la independencia cient\u00edfica y tecnol\u00f3gica, el presidente de la Rep\u00fablica Bolivariana de Venezuela, Nicol\u00e1s Maduro, destac\u00f3 que Venezuela tiene garantizado su futuro en cada ni\u00f1o y ni\u00f1a de la Patria. \u201cVenezuela tiene garantizado su futuro en esa generaci\u00f3n genial de ni\u00f1os y ni\u00f1as [&hellip;]<\/p>\n","protected":false},"author":1,"featured_media":8210,"comment_status":"open","ping_status":"open","sticky":false,"template":"","format":"standard","meta":{"footnotes":""},"categories":[7],"tags":[],"class_list":["post-8207","post","type-post","status-publish","format-standard","has-post-thumbnail","hentry","category-notas-de-prensa"],"_links":{"self":[{"href":"https:\/\/prensapresidencialvenezuela.gob.ve\/index.php\/wp-json\/wp\/v2\/posts\/8207","targetHints":{"allow":["GET"]}}],"collection":[{"href":"https:\/\/prensapresidencialvenezuela.gob.ve\/index.php\/wp-json\/wp\/v2\/posts"}],"about":[{"href":"https:\/\/prensapresidencialvenezuela.gob.ve\/index.php\/wp-json\/wp\/v2\/types\/post"}],"author":[{"embeddable":true,"href":"https:\/\/prensapresidencialvenezuela.gob.ve\/index.php\/wp-json\/wp\/v2\/users\/1"}],"replies":[{"embeddable":true,"href":"https:\/\/prensapresidencialvenezuela.gob.ve\/index.php\/wp-json\/wp\/v2\/comments?post=8207"}],"version-history":[{"count":1,"href":"https:\/\/prensapresidencialvenezuela.gob.ve\/index.php\/wp-json\/wp\/v2\/posts\/8207\/revisions"}],"predecessor-version":[{"id":8213,"href":"https:\/\/prensapresidencialvenezuela.gob.ve\/index.php\/wp-json\/wp\/v2\/posts\/8207\/revisions\/8213"}],"wp:featuredmedia":[{"embeddable":true,"href":"https:\/\/prensapresidencialvenezuela.gob.ve\/index.php\/wp-json\/wp\/v2\/media\/8210"}],"wp:attachment":[{"href":"https:\/\/prensapresidencialvenezuela.gob.ve\/index.php\/wp-json\/wp\/v2\/media?parent=8207"}],"wp:term":[{"taxonomy":"category","embeddable":true,"href":"https:\/\/prensapresidencialvenezuela.gob.ve\/index.php\/wp-json\/wp\/v2\/categories?post=8207"},{"taxonomy":"post_tag","embeddable":true,"href":"https:\/\/prensapresidencialvenezuela.gob.ve\/index.php\/wp-json\/wp\/v2\/tags?post=8207"}],"curies":[{"name":"wp","href":"https:\/\/api.w.org\/{rel}","templated":true}]}}