{"id":8212,"date":"2024-03-01T20:45:00","date_gmt":"2024-03-01T20:45:00","guid":{"rendered":"http:\/\/172.27.0.121\/?p=8212"},"modified":"2024-04-12T20:48:42","modified_gmt":"2024-04-12T20:48:42","slug":"presidente-maduro-interviene-en-la-viii-cumbre-de-la-celac-en-san-vicente-y-las-granadinas","status":"publish","type":"post","link":"https:\/\/prensapresidencialvenezuela.gob.ve\/index.php\/2024\/03\/01\/presidente-maduro-interviene-en-la-viii-cumbre-de-la-celac-en-san-vicente-y-las-granadinas\/","title":{"rendered":"Presidente Maduro interviene en la VIII Cumbre de la Celac en San Vicente y Las Granadinas"},"content":{"rendered":"\n<p><strong>Kingstown, San Vicente y las Granadinas.-<\/strong> El presidente de la Rep\u00fablica Bolivariana de Venezuela, Nicol\u00e1s Maduro, interviene en la VIII Cumbre de la Comunidad de Estados Latinoamericanos y Caribe\u00f1os (Celac), que se celebra este viernes en San Vicente y las Granadinas.<\/p>\n\n\n\n<p>En esta octava cumbre del grupo, que se realiza en el resort Sandals de Buccament Bay, de San Vicente y las Granadinas, los l\u00edderes de la regi\u00f3n profundizar\u00e1n en importantes temas como la integraci\u00f3n pol\u00edtica, social, econ\u00f3mica y cultural para consolidar los lazos de cooperaci\u00f3n en el bloque regional.<\/p>\n\n\n\n<p>Entre los temas que apremian en esta octava cumbre, est\u00e1n: el cambio clim\u00e1tico, la salud, la paz y la seguridad alimentaria de la regi\u00f3n para ofrecer posibles soluciones a trav\u00e9s del consenso.&nbsp;<\/p>\n\n\n\n<p>En este encuentro participan representantes de los 32 pa\u00edses miembros de la Celac, invitados especiales, y el secretario general de la Organizaci\u00f3n de Naciones Unidas (ONU), Ant\u00f3nio Guterres.<\/p>\n\n\n\n<p>M\u00e1s temprano, el Mandatario venezolano fue recibido por la Ministra de Relaciones Exteriores y Comercio Exterior, de San Vicente y las Granadinas, Keisal Peters, en el Aeropuerto Internacional de Argyle.<\/p>\n\n\n\n<p>Al finalizar este encuentro, San Vicente y las Granadinas oficializar\u00e1 el traspaso del mando de la Celac a Honduras, que dirigir\u00e1 el organismo hasta el a\u00f1o 2025, bajo el liderazgo de la presidenta hondure\u00f1a, Xiomara Castro.<\/p>\n\n\n\n<p><strong>Prensa Presidencial \/ Rosiris Ortega Ortiz<\/strong><\/p>\n","protected":false},"excerpt":{"rendered":"<p>Kingstown, San Vicente y las Granadinas.- El presidente de la Rep\u00fablica Bolivariana de Venezuela, Nicol\u00e1s Maduro, interviene en la VIII Cumbre de la Comunidad de Estados Latinoamericanos y Caribe\u00f1os (Celac), que se celebra este viernes en San Vicente y las Granadinas. En esta octava cumbre del grupo, que se realiza en el resort Sandals de [&hellip;]<\/p>\n","protected":false},"author":4,"featured_media":8217,"comment_status":"open","ping_status":"open","sticky":false,"template":"","format":"standard","meta":{"footnotes":""},"categories":[18,7],"tags":[],"class_list":["post-8212","post","type-post","status-publish","format-standard","has-post-thumbnail","hentry","category-noticias-principales","category-notas-de-prensa"],"_links":{"self":[{"href":"https:\/\/prensapresidencialvenezuela.gob.ve\/index.php\/wp-json\/wp\/v2\/posts\/8212","targetHints":{"allow":["GET"]}}],"collection":[{"href":"https:\/\/prensapresidencialvenezuela.gob.ve\/index.php\/wp-json\/wp\/v2\/posts"}],"about":[{"href":"https:\/\/prensapresidencialvenezuela.gob.ve\/index.php\/wp-json\/wp\/v2\/types\/post"}],"author":[{"embeddable":true,"href":"https:\/\/prensapresidencialvenezuela.gob.ve\/index.php\/wp-json\/wp\/v2\/users\/4"}],"replies":[{"embeddable":true,"href":"https:\/\/prensapresidencialvenezuela.gob.ve\/index.php\/wp-json\/wp\/v2\/comments?post=8212"}],"version-history":[{"count":1,"href":"https:\/\/prensapresidencialvenezuela.gob.ve\/index.php\/wp-json\/wp\/v2\/posts\/8212\/revisions"}],"predecessor-version":[{"id":8219,"href":"https:\/\/prensapresidencialvenezuela.gob.ve\/index.php\/wp-json\/wp\/v2\/posts\/8212\/revisions\/8219"}],"wp:featuredmedia":[{"embeddable":true,"href":"https:\/\/prensapresidencialvenezuela.gob.ve\/index.php\/wp-json\/wp\/v2\/media\/8217"}],"wp:attachment":[{"href":"https:\/\/prensapresidencialvenezuela.gob.ve\/index.php\/wp-json\/wp\/v2\/media?parent=8212"}],"wp:term":[{"taxonomy":"category","embeddable":true,"href":"https:\/\/prensapresidencialvenezuela.gob.ve\/index.php\/wp-json\/wp\/v2\/categories?post=8212"},{"taxonomy":"post_tag","embeddable":true,"href":"https:\/\/prensapresidencialvenezuela.gob.ve\/index.php\/wp-json\/wp\/v2\/tags?post=8212"}],"curies":[{"name":"wp","href":"https:\/\/api.w.org\/{rel}","templated":true}]}}