{"id":8229,"date":"2024-03-01T20:50:00","date_gmt":"2024-03-01T20:50:00","guid":{"rendered":"http:\/\/172.27.0.121\/?p=8229"},"modified":"2024-04-12T20:53:08","modified_gmt":"2024-04-12T20:53:08","slug":"presidente-maduro-convoca-a-delegacion-de-observadores-de-la-celac-y-onu-para-elecciones-en-venezuela","status":"publish","type":"post","link":"https:\/\/prensapresidencialvenezuela.gob.ve\/index.php\/2024\/03\/01\/presidente-maduro-convoca-a-delegacion-de-observadores-de-la-celac-y-onu-para-elecciones-en-venezuela\/","title":{"rendered":"Presidente Maduro convoca a delegaci\u00f3n de observadores de la Celac y ONU para elecciones en Venezuela"},"content":{"rendered":"\n<p><strong>Kingstown, San Vicente y las Granadinas.\u2013<\/strong> El presidente de la Rep\u00fablica Bolivariana de Venezuela, Nicol\u00e1s Maduro, convoc\u00f3 este viernes a una delegaci\u00f3n de observadores de la Comunidad de Estados Latinoamericanos y Caribe\u00f1os (Celac) y de la Organizaci\u00f3n de las Naciones Unidas (ONU), a participar en las pr\u00f3ximas elecciones presidenciales a celebrarse en el pa\u00eds.<\/p>\n\n\n\n<p>\u201cVenezuela se prepara para unas elecciones absolutamente confiables, transparentes con un sistema electoral que me gustar\u00eda que la Celac lo conociera, y lo pudiera difundir m\u00e1s all\u00e1 de la manipulaci\u00f3n, tergiversaci\u00f3n y las mentiras\u201d, expres\u00f3 el jefe de Estado en su intervenci\u00f3n durante la VIII Cumbre de la Celac que se realiza en San Vicente y las Granadinas.<\/p>\n\n\n\n<p>Mencion\u00f3 ante los jefes y jefas de Estado, e invitados a la Celac, el Acuerdo Amplio de Caracas, firmado en la Asamblea Nacional (AN), con la participaci\u00f3n de 43 partidos pol\u00edticos del pa\u00eds, movimientos sociales, federaciones empresariales, todas las corrientes religiosas y de la intelectualidad para fijar las bases de las garant\u00edas plenas para un proceso electoral confiable.<\/p>\n\n\n\n<p>En ese sentido, pidi\u00f3 a la Celac que eval\u00fae \u201cla posibilidad de preparar una delegaci\u00f3n de observadores internacionales que se incorpore al proceso de preparaci\u00f3n, realizaci\u00f3n y desarrollo de los comicios presidenciales desde este d\u00eda hasta que se fije y se realicen las elecciones, y tambi\u00e9n a la Secretar\u00eda General de la ONU, que vayan a ver la realidad de un pa\u00eds que ha ido perfeccionando sus sistemas de consulta, sus sistemas pol\u00edticos, su sistema electoral, m\u00e1s all\u00e1 de la manipulaci\u00f3n, las presiones imperiales y las presiones pol\u00edticas\u201d.<\/p>\n\n\n\n<p>Record\u00f3 en esta nueva cumbre, que Venezuela realizar\u00e1 este 2024, su elecci\u00f3n n\u00famero 31 en 25 a\u00f1os de Revoluci\u00f3n Bolivariana, lo que ha logrado que el pa\u00eds tenga el \u00edndice m\u00e1s alto de procesos electorales y consultivos de las \u00faltimas tres d\u00e9cadas en el continente y el mundo.<\/p>\n\n\n\n<p>En ese escenario, denunci\u00f3 que existe una campa\u00f1a permanente sobre Venezuela, en la que alegan que es un pa\u00eds de \u201ctiran\u00eda, violaci\u00f3n de derechos civiles, es una campa\u00f1a permanente para justificar lo injustificable en nuestro pa\u00eds\u201d.<\/p>\n\n\n\n<p><strong>Prensa Presidencial \/ Rosiris Ortega Ortiz<\/strong><\/p>\n","protected":false},"excerpt":{"rendered":"<p>Kingstown, San Vicente y las Granadinas.\u2013 El presidente de la Rep\u00fablica Bolivariana de Venezuela, Nicol\u00e1s Maduro, convoc\u00f3 este viernes a una delegaci\u00f3n de observadores de la Comunidad de Estados Latinoamericanos y Caribe\u00f1os (Celac) y de la Organizaci\u00f3n de las Naciones Unidas (ONU), a participar en las pr\u00f3ximas elecciones presidenciales a celebrarse en el pa\u00eds. \u201cVenezuela [&hellip;]<\/p>\n","protected":false},"author":4,"featured_media":8235,"comment_status":"open","ping_status":"open","sticky":false,"template":"","format":"standard","meta":{"footnotes":""},"categories":[18,7],"tags":[],"class_list":["post-8229","post","type-post","status-publish","format-standard","has-post-thumbnail","hentry","category-noticias-principales","category-notas-de-prensa"],"_links":{"self":[{"href":"https:\/\/prensapresidencialvenezuela.gob.ve\/index.php\/wp-json\/wp\/v2\/posts\/8229","targetHints":{"allow":["GET"]}}],"collection":[{"href":"https:\/\/prensapresidencialvenezuela.gob.ve\/index.php\/wp-json\/wp\/v2\/posts"}],"about":[{"href":"https:\/\/prensapresidencialvenezuela.gob.ve\/index.php\/wp-json\/wp\/v2\/types\/post"}],"author":[{"embeddable":true,"href":"https:\/\/prensapresidencialvenezuela.gob.ve\/index.php\/wp-json\/wp\/v2\/users\/4"}],"replies":[{"embeddable":true,"href":"https:\/\/prensapresidencialvenezuela.gob.ve\/index.php\/wp-json\/wp\/v2\/comments?post=8229"}],"version-history":[{"count":1,"href":"https:\/\/prensapresidencialvenezuela.gob.ve\/index.php\/wp-json\/wp\/v2\/posts\/8229\/revisions"}],"predecessor-version":[{"id":8238,"href":"https:\/\/prensapresidencialvenezuela.gob.ve\/index.php\/wp-json\/wp\/v2\/posts\/8229\/revisions\/8238"}],"wp:featuredmedia":[{"embeddable":true,"href":"https:\/\/prensapresidencialvenezuela.gob.ve\/index.php\/wp-json\/wp\/v2\/media\/8235"}],"wp:attachment":[{"href":"https:\/\/prensapresidencialvenezuela.gob.ve\/index.php\/wp-json\/wp\/v2\/media?parent=8229"}],"wp:term":[{"taxonomy":"category","embeddable":true,"href":"https:\/\/prensapresidencialvenezuela.gob.ve\/index.php\/wp-json\/wp\/v2\/categories?post=8229"},{"taxonomy":"post_tag","embeddable":true,"href":"https:\/\/prensapresidencialvenezuela.gob.ve\/index.php\/wp-json\/wp\/v2\/tags?post=8229"}],"curies":[{"name":"wp","href":"https:\/\/api.w.org\/{rel}","templated":true}]}}