{"id":8243,"date":"2023-11-10T18:00:00","date_gmt":"2023-11-10T18:00:00","guid":{"rendered":"http:\/\/172.27.0.121\/?p=8243"},"modified":"2024-04-12T20:55:53","modified_gmt":"2024-04-12T20:55:53","slug":"presidente-maduro-recibe-al-ministro-de-asuntos-exteriores-y-comercio-exterior-de-hungria","status":"publish","type":"post","link":"https:\/\/prensapresidencialvenezuela.gob.ve\/index.php\/2023\/11\/10\/presidente-maduro-recibe-al-ministro-de-asuntos-exteriores-y-comercio-exterior-de-hungria\/","title":{"rendered":"Presidente Maduro recibe al Ministro de Asuntos Exteriores y Comercio Exterior de Hungr\u00eda"},"content":{"rendered":"\n<p><strong>Palacio de Miraflores, Caracas.-<\/strong> El presidente de la Rep\u00fablica, recibe la tarde de este viernes al ministro de Asuntos Exteriores y Comercio Exterior de Hungr\u00eda, P\u00e9ter Szijj\u00e1rt\u00f3, en el Despacho 1 del Palacio de Miraflores, ubicado en Caracas.<\/p>\n\n\n\n<p>Adem\u00e1s, lo acompa\u00f1an L\u00e1szl\u00f3 V\u00e1radi, subsecretario de Estado para el Desarrollo de las Relaciones con los pa\u00edses del Sur, L\u00e1szlo Salacz, diputado de la Asamblea Nacional de Hungr\u00eda y Vicepresidente del Grupo de Amistad Hungr\u00eda-Pa\u00edses de Am\u00e9rica Latina y Mikl\u00f3s Tam\u00e1s Paczuk, Embajador de Hungr\u00eda residente en Ecuador, concurrente ante la Rep\u00fablica Bolivariana de Venezuela.<\/p>\n\n\n\n<p>El encuentro que se enmarca dentro de la Diplomacia Bolivariana de Paz, tiene por objeto estrechar los lazos de amistad y cooperaci\u00f3n entre Budapest y Caracas.<\/p>\n\n\n\n<p>M\u00e1s temprano, el Ministro de Asuntos Exteriores y Comercio Exterior de la Rep\u00fablica de Hungr\u00eda, particip\u00f3 en una ofrenda floral ante el sarc\u00f3fago del Libertador Sim\u00f3n Bol\u00edvar, en el Pante\u00f3n Nacional, como parte de su agenda en la naci\u00f3n suramericana.<\/p>\n\n\n\n<p>El Ministro h\u00fangaro tiene previsto durante su estad\u00eda en la ciudad de Caracas realizar varias reuniones con autoridades del Gobierno Bolivariano, destinadas a revisar la cooperaci\u00f3n existente entre ambos pa\u00edses e impulsar nuevas alianzas de beneficio rec\u00edproco, en un esquema de ganar-ganar , para fortalecer las relaciones diplom\u00e1ticas que se formalizaron el 30 de abril de 1969, con el intercambio bilateral de representantes diplom\u00e1ticos desde 1977.<\/p>\n\n\n\n<p>La Rep\u00fablica Bolivariana de Venezuela y la Rep\u00fablica de Hungr\u00eda cuentan con 11 acuerdos suscritos vigentes en materia agr\u00edcola, cultural, educativa, cient\u00edfica y tecnol\u00f3gica, supresi\u00f3n de visas en pasaportes diplom\u00e1ticos y de servicio, deportiva y comercial.<\/p>\n\n\n\n<p><strong>Prensa Presidencial\/Karla Cotoret<\/strong><\/p>\n","protected":false},"excerpt":{"rendered":"<p>Palacio de Miraflores, Caracas.- El presidente de la Rep\u00fablica, recibe la tarde de este viernes al ministro de Asuntos Exteriores y Comercio Exterior de Hungr\u00eda, P\u00e9ter Szijj\u00e1rt\u00f3, en el Despacho 1 del Palacio de Miraflores, ubicado en Caracas. Adem\u00e1s, lo acompa\u00f1an L\u00e1szl\u00f3 V\u00e1radi, subsecretario de Estado para el Desarrollo de las Relaciones con los pa\u00edses [&hellip;]<\/p>\n","protected":false},"author":6,"featured_media":8246,"comment_status":"open","ping_status":"open","sticky":false,"template":"","format":"standard","meta":{"footnotes":""},"categories":[18,7],"tags":[30,38,155,19,27,20],"class_list":["post-8243","post","type-post","status-publish","format-standard","has-post-thumbnail","hentry","category-noticias-principales","category-notas-de-prensa","tag-destacado","tag-diplomacia-bolivariana-de-paz","tag-hungria","tag-nicolas-maduro","tag-revolucion-bolivariana","tag-venezuela"],"_links":{"self":[{"href":"https:\/\/prensapresidencialvenezuela.gob.ve\/index.php\/wp-json\/wp\/v2\/posts\/8243","targetHints":{"allow":["GET"]}}],"collection":[{"href":"https:\/\/prensapresidencialvenezuela.gob.ve\/index.php\/wp-json\/wp\/v2\/posts"}],"about":[{"href":"https:\/\/prensapresidencialvenezuela.gob.ve\/index.php\/wp-json\/wp\/v2\/types\/post"}],"author":[{"embeddable":true,"href":"https:\/\/prensapresidencialvenezuela.gob.ve\/index.php\/wp-json\/wp\/v2\/users\/6"}],"replies":[{"embeddable":true,"href":"https:\/\/prensapresidencialvenezuela.gob.ve\/index.php\/wp-json\/wp\/v2\/comments?post=8243"}],"version-history":[{"count":1,"href":"https:\/\/prensapresidencialvenezuela.gob.ve\/index.php\/wp-json\/wp\/v2\/posts\/8243\/revisions"}],"predecessor-version":[{"id":8250,"href":"https:\/\/prensapresidencialvenezuela.gob.ve\/index.php\/wp-json\/wp\/v2\/posts\/8243\/revisions\/8250"}],"wp:featuredmedia":[{"embeddable":true,"href":"https:\/\/prensapresidencialvenezuela.gob.ve\/index.php\/wp-json\/wp\/v2\/media\/8246"}],"wp:attachment":[{"href":"https:\/\/prensapresidencialvenezuela.gob.ve\/index.php\/wp-json\/wp\/v2\/media?parent=8243"}],"wp:term":[{"taxonomy":"category","embeddable":true,"href":"https:\/\/prensapresidencialvenezuela.gob.ve\/index.php\/wp-json\/wp\/v2\/categories?post=8243"},{"taxonomy":"post_tag","embeddable":true,"href":"https:\/\/prensapresidencialvenezuela.gob.ve\/index.php\/wp-json\/wp\/v2\/tags?post=8243"}],"curies":[{"name":"wp","href":"https:\/\/api.w.org\/{rel}","templated":true}]}}