{"id":8249,"date":"2024-03-01T20:55:00","date_gmt":"2024-03-01T20:55:00","guid":{"rendered":"http:\/\/172.27.0.121\/?p=8249"},"modified":"2024-04-12T20:57:58","modified_gmt":"2024-04-12T20:57:58","slug":"venezuela-ante-la-celac-llama-al-cese-del-fuego-en-gaza-y-a-recuperar-la-paz-de-haiti","status":"publish","type":"post","link":"https:\/\/prensapresidencialvenezuela.gob.ve\/index.php\/2024\/03\/01\/venezuela-ante-la-celac-llama-al-cese-del-fuego-en-gaza-y-a-recuperar-la-paz-de-haiti\/","title":{"rendered":"Venezuela ante la Celac llama al cese del fuego en Gaza y a recuperar la paz de Hait\u00ed"},"content":{"rendered":"\n<p><strong>Kingstown, San Vicente y las Granadinas. \u2013<\/strong> El presidente de la Rep\u00fablica Bolivariana de Venezuela, Nicol\u00e1s Maduro, conden\u00f3 este viernes el genocidio contra el pueblo palestino en Gaza, exigiendo el cese al fuego, y abog\u00f3 por la recuperaci\u00f3n de la paz y gobernabilidad de Hait\u00ed.<\/p>\n\n\n\n<p>Durante su intervenci\u00f3n en la VIII Cumbre de la Comunidad de Estados Latinoamericanos y Caribe\u00f1os (Celac), que se desarrolla en San Vicente y Las Granadinas, el jefe de Estado, expres\u00f3 respeto por la diversidad de opiniones en ese espacio de debate, pero record\u00f3 que son m\u00e1s de 30 mil fallecidos producto de los bombardeos.<\/p>\n\n\n\n<p>Ante esa realidad, el Presidente cuestion\u00f3 la capacidad de la regi\u00f3n de levantar la voz en unidad por el derecho internacional y los derechos humanos, por lo que llam\u00f3 a mantener una posici\u00f3n clara que acompa\u00f1e a la Uni\u00f3n Africana, a la Liga \u00c1rabe, a la Organizaci\u00f3n de la Comunidad Isl\u00e1mica, y a los pueblos del mundo para exigir el cese al fuego en Gaza, el respeto a la vida de los palestinos y que se investigue y se juzgue de acuerdo a la justicia internacional al Primer ministro de Israel, Benjam\u00edn Netanyahu, y al gobierno fascista de Israel.<\/p>\n\n\n\n<p>\u201cAbogamos por el entendimiento y por la construcci\u00f3n de una posici\u00f3n humanista en el seno de la Celac y de Am\u00e9rica Latina, con entendimiento y por la construcci\u00f3n de una posici\u00f3n humanista\u201d, enfatiz\u00f3.<\/p>\n\n\n\n<p>En el caso de Hait\u00ed, el Mandatario nacional acord\u00f3 que Venezuela acompa\u00f1a la propuesta de la presidenta de la Rep\u00fablica de Honduras, Xiomara Castro, ahora presidenta pro tempore de la Celac, en crear un modelo aut\u00f3nomo y soberano desde este mecanismo de integraci\u00f3n para que Hait\u00ed recupere su seguridad, paz y gobernabilidad.<\/p>\n\n\n\n<p>\u201cVenezuela acoge la propuesta de que la presidencia de Honduras y la presidenta Xiomara Castro, busque desde la Celac, un modelo de ayuda aut\u00f3nomo soberano que le permita a Hait\u00ed recobrar su seguridad, gobernabilidad; y al pueblo haitiano le permita recuperar su derecho a la paz, a la felicidad y a la vida. No estamos de acuerdo con ning\u00fan tipo de invasi\u00f3n disimulada\u201d, dijo.<\/p>\n\n\n\n<p>Al cierre de su mensaje, el presidente Maduro, inst\u00f3 a los integrantes del bloque a continuar el camino de la diversidad pol\u00edtica e ideol\u00f3gica con base en el respeto, la solidaridad y el amor para que la regi\u00f3n logre insertarse con fuerza y prosperidad en el nuevo mundo que se est\u00e1 construyendo.<\/p>\n\n\n\n<p><strong>Prensa Presidencial \/ Rosiris Ortega Ortiz<\/strong><\/p>\n","protected":false},"excerpt":{"rendered":"<p>Kingstown, San Vicente y las Granadinas. \u2013 El presidente de la Rep\u00fablica Bolivariana de Venezuela, Nicol\u00e1s Maduro, conden\u00f3 este viernes el genocidio contra el pueblo palestino en Gaza, exigiendo el cese al fuego, y abog\u00f3 por la recuperaci\u00f3n de la paz y gobernabilidad de Hait\u00ed. Durante su intervenci\u00f3n en la VIII Cumbre de la Comunidad [&hellip;]<\/p>\n","protected":false},"author":4,"featured_media":8254,"comment_status":"open","ping_status":"open","sticky":false,"template":"","format":"standard","meta":{"footnotes":""},"categories":[18,7],"tags":[],"class_list":["post-8249","post","type-post","status-publish","format-standard","has-post-thumbnail","hentry","category-noticias-principales","category-notas-de-prensa"],"_links":{"self":[{"href":"https:\/\/prensapresidencialvenezuela.gob.ve\/index.php\/wp-json\/wp\/v2\/posts\/8249","targetHints":{"allow":["GET"]}}],"collection":[{"href":"https:\/\/prensapresidencialvenezuela.gob.ve\/index.php\/wp-json\/wp\/v2\/posts"}],"about":[{"href":"https:\/\/prensapresidencialvenezuela.gob.ve\/index.php\/wp-json\/wp\/v2\/types\/post"}],"author":[{"embeddable":true,"href":"https:\/\/prensapresidencialvenezuela.gob.ve\/index.php\/wp-json\/wp\/v2\/users\/4"}],"replies":[{"embeddable":true,"href":"https:\/\/prensapresidencialvenezuela.gob.ve\/index.php\/wp-json\/wp\/v2\/comments?post=8249"}],"version-history":[{"count":1,"href":"https:\/\/prensapresidencialvenezuela.gob.ve\/index.php\/wp-json\/wp\/v2\/posts\/8249\/revisions"}],"predecessor-version":[{"id":8258,"href":"https:\/\/prensapresidencialvenezuela.gob.ve\/index.php\/wp-json\/wp\/v2\/posts\/8249\/revisions\/8258"}],"wp:featuredmedia":[{"embeddable":true,"href":"https:\/\/prensapresidencialvenezuela.gob.ve\/index.php\/wp-json\/wp\/v2\/media\/8254"}],"wp:attachment":[{"href":"https:\/\/prensapresidencialvenezuela.gob.ve\/index.php\/wp-json\/wp\/v2\/media?parent=8249"}],"wp:term":[{"taxonomy":"category","embeddable":true,"href":"https:\/\/prensapresidencialvenezuela.gob.ve\/index.php\/wp-json\/wp\/v2\/categories?post=8249"},{"taxonomy":"post_tag","embeddable":true,"href":"https:\/\/prensapresidencialvenezuela.gob.ve\/index.php\/wp-json\/wp\/v2\/tags?post=8249"}],"curies":[{"name":"wp","href":"https:\/\/api.w.org\/{rel}","templated":true}]}}