{"id":8251,"date":"2023-11-10T19:55:00","date_gmt":"2023-11-10T19:55:00","guid":{"rendered":"http:\/\/172.27.0.121\/?p=8251"},"modified":"2024-04-12T20:58:28","modified_gmt":"2024-04-12T20:58:28","slug":"el-3d-es-la-cita-con-la-patria-en-defensa-del-esequibo","status":"publish","type":"post","link":"https:\/\/prensapresidencialvenezuela.gob.ve\/index.php\/2023\/11\/10\/el-3d-es-la-cita-con-la-patria-en-defensa-del-esequibo\/","title":{"rendered":"El 3D es la cita con la Patria en defensa del Esequibo"},"content":{"rendered":"\n<p><strong>Palacio de Miraflores, Caracas.- <\/strong>\u201cDomingo 3 de diciembre de 2023 es la fecha de nuestra cita con la historia de Venezuela, de la cita por la Patria, es una fecha, sin lugar a dudas, bendita, porque es un d\u00eda donde reivindicamos todas las generaciones que han luchado por la independencia y la integridad territorial de Venezuela, es un d\u00eda que reivindicamos a Bol\u00edvar que defendi\u00f3, construy\u00f3 la Patria Grande es un d\u00eda que reivindicamos a todas las generaciones de hombres y mujeres como nuestro Comandante Hugo Ch\u00e1vez que reconquist\u00f3 la independencia y el sentido de Rep\u00fablica, el sentido de Patria, el 3 de diciembre es un d\u00eda de uni\u00f3n. No es un d\u00eda de exclusi\u00f3n. No es un d\u00eda de divisi\u00f3n\u201d.<\/p>\n\n\n\n<p>Las palabras corresponden al presidente de la Rep\u00fablica, Nicol\u00e1s Maduro, quien sostuvo un contacto telef\u00f3nico con el encuentro de militantes del Partido Patria Para Todos en defensa del Esequibo.<\/p>\n\n\n\n<p>En este contexto, el Jefe de Estado enfatiz\u00f3 que a pesar de que los imperios brit\u00e1nico y americano no han cesado sus intenciones de despojar a Venezuela de su territorio y recursos, hoy Venezuela est\u00e1 m\u00e1s fortalecida y cuenta con un pueblo consciente y movilizado.<\/p>\n\n\n\n<p>\u201cQuieren repetir la misma historia pero ahora Venezuela est\u00e1 unida, la Venezuela del siglo XXI tiene pueblo, tiene Fuerza ]Armada Nacional Bolivariana, tiene uni\u00f3n c\u00edvico militar, tenemos Patria, tenemos Estado. Y en esta oportunidad no van a poder con nosotros. En esta oportunidad no van a poder con Venezuela\u201d, recalc\u00f3.<\/p>\n\n\n\n<p>El Dignatario venezolano invit\u00f3 a los militantes del PPT a conformar el comando de campa\u00f1a para ir casa por casa, cara por cara, a motivar, a educar, a formar conciencia y a movilizar el voto \u201c5 veces S\u00ed\u201d.<\/p>\n\n\n\n<p>\u201cYo me he sumado como ciudadano, como hombre de esta tierra, como hombre de a pie, como trabajador, como obrero, a la convocatoria que ha hecho la Asamblea Nacional soberana y plenipotenciaria de Venezuela a un refer\u00e9ndum consultivo. El refer\u00e9ndum consultivo del 3 de diciembre en Venezuela ocurrir\u00e1. El pueblo saldr\u00e1 a votar y a decidir. Y ese d\u00eda convocados por el Poder Legislativo ejerceremos nuestra soberan\u00eda absoluta y total y decidiremos el destino de la paz, de la independencia, de la integraci\u00f3n territorial de nuestro pa\u00eds\u201d, enfatiz\u00f3.<\/p>\n\n\n\n<p><strong>Prensa Presidencial\/Karla Cotoret<\/strong><\/p>\n","protected":false},"excerpt":{"rendered":"<p>Palacio de Miraflores, Caracas.- \u201cDomingo 3 de diciembre de 2023 es la fecha de nuestra cita con la historia de Venezuela, de la cita por la Patria, es una fecha, sin lugar a dudas, bendita, porque es un d\u00eda donde reivindicamos todas las generaciones que han luchado por la independencia y la integridad territorial de [&hellip;]<\/p>\n","protected":false},"author":6,"featured_media":8260,"comment_status":"open","ping_status":"open","sticky":false,"template":"","format":"standard","meta":{"footnotes":""},"categories":[18,7],"tags":[30,19,27,20],"class_list":["post-8251","post","type-post","status-publish","format-standard","has-post-thumbnail","hentry","category-noticias-principales","category-notas-de-prensa","tag-destacado","tag-nicolas-maduro","tag-revolucion-bolivariana","tag-venezuela"],"_links":{"self":[{"href":"https:\/\/prensapresidencialvenezuela.gob.ve\/index.php\/wp-json\/wp\/v2\/posts\/8251","targetHints":{"allow":["GET"]}}],"collection":[{"href":"https:\/\/prensapresidencialvenezuela.gob.ve\/index.php\/wp-json\/wp\/v2\/posts"}],"about":[{"href":"https:\/\/prensapresidencialvenezuela.gob.ve\/index.php\/wp-json\/wp\/v2\/types\/post"}],"author":[{"embeddable":true,"href":"https:\/\/prensapresidencialvenezuela.gob.ve\/index.php\/wp-json\/wp\/v2\/users\/6"}],"replies":[{"embeddable":true,"href":"https:\/\/prensapresidencialvenezuela.gob.ve\/index.php\/wp-json\/wp\/v2\/comments?post=8251"}],"version-history":[{"count":1,"href":"https:\/\/prensapresidencialvenezuela.gob.ve\/index.php\/wp-json\/wp\/v2\/posts\/8251\/revisions"}],"predecessor-version":[{"id":8262,"href":"https:\/\/prensapresidencialvenezuela.gob.ve\/index.php\/wp-json\/wp\/v2\/posts\/8251\/revisions\/8262"}],"wp:featuredmedia":[{"embeddable":true,"href":"https:\/\/prensapresidencialvenezuela.gob.ve\/index.php\/wp-json\/wp\/v2\/media\/8260"}],"wp:attachment":[{"href":"https:\/\/prensapresidencialvenezuela.gob.ve\/index.php\/wp-json\/wp\/v2\/media?parent=8251"}],"wp:term":[{"taxonomy":"category","embeddable":true,"href":"https:\/\/prensapresidencialvenezuela.gob.ve\/index.php\/wp-json\/wp\/v2\/categories?post=8251"},{"taxonomy":"post_tag","embeddable":true,"href":"https:\/\/prensapresidencialvenezuela.gob.ve\/index.php\/wp-json\/wp\/v2\/tags?post=8251"}],"curies":[{"name":"wp","href":"https:\/\/api.w.org\/{rel}","templated":true}]}}