{"id":8269,"date":"2024-03-01T20:59:00","date_gmt":"2024-03-01T20:59:00","guid":{"rendered":"http:\/\/172.27.0.121\/?p=8269"},"modified":"2024-04-12T21:01:24","modified_gmt":"2024-04-12T21:01:24","slug":"venezuela-y-mexico-suscriben-acuerdo-integral-de-migracion-a-traves-del-plan-vuelta-a-la-patria","status":"publish","type":"post","link":"https:\/\/prensapresidencialvenezuela.gob.ve\/index.php\/2024\/03\/01\/venezuela-y-mexico-suscriben-acuerdo-integral-de-migracion-a-traves-del-plan-vuelta-a-la-patria\/","title":{"rendered":"Venezuela y M\u00e9xico suscriben acuerdo integral de migraci\u00f3n a trav\u00e9s del Plan Vuelta a la Patria"},"content":{"rendered":"\n<p><strong>Kingstown, San Vicente y las Granadinas.- <\/strong>En el marco de la<strong> <\/strong>VIII Cumbre de la Comunidad de Estados Latinoamericanos y Caribe\u00f1os (CELAC), que se celebra este viernes en San Vicente y las Granadinas, los gobiernos de Venezuela y M\u00e9xico suscribieron un acuerdo integral de migraci\u00f3n a trav\u00e9s del Plan Vuelta a la Patria.<\/p>\n\n\n\n<p>La firma del documento -que se realiz\u00f3 en el Hotel Sandals de Buccament Bay, ubicado en el pa\u00eds caribe\u00f1o- busca \u201cconsolidar y avanzar en el Plan Vuelta a la Patria para proteger a nuestros compatriotas en M\u00e9xico\u201d, expres\u00f3 el Mandatario nacional durante el encuentro, donde abordaron diversos temas de inter\u00e9s com\u00fan.<\/p>\n\n\n\n<p>Por el Gobierno Bolivariano firm\u00f3 el canciller Yv\u00e1n Gil Pinto, mientras que en representaci\u00f3n de M\u00e9xico lo hizo su par Alicia B\u00e1rcena.<\/p>\n\n\n\n<p>En octubre de 2023, B\u00e1rcena visit\u00f3 Venezuela como parte del fortalecimiento de las relaciones diplom\u00e1ticas entre ambos pa\u00edses.<\/p>\n\n\n\n<p>\u201cEn nuestra conversaci\u00f3n con la canciller Alicia B\u00e1rcena reafirmamos el compromiso de avanzar en la cooperaci\u00f3n en \u00e1reas claves para abordar los desaf\u00edos globales\u201d, afirm\u00f3 el Jefe de Estado venezolano, durante el encuentro celebrado en el Palacio de Miraflores en octubre de 2023.<\/p>\n\n\n\n<p>Desde junio del a\u00f1o pasado, B\u00e1rcena cumple funciones como secretaria de Relaciones Exteriores de M\u00e9xico, nombramiento realizado por el presidente L\u00f3pez Obrador, convirti\u00e9ndose en la cuarta mujer en dirigir la Canciller\u00eda mexicana.<\/p>\n\n\n\n<p>B\u00e1rcena, ejerci\u00f3 funciones como embajadora de M\u00e9xico en Chile entre 2022-2023, adem\u00e1s de secretaria ejecutiva de la Comisi\u00f3n Econ\u00f3mica para Am\u00e9rica Latina y el Caribe (CEPAL).<\/p>\n\n\n\n<p><strong>Prensa Presidencial \/ Joelin Jim\u00e9nez<\/strong><\/p>\n","protected":false},"excerpt":{"rendered":"<p>Kingstown, San Vicente y las Granadinas.- En el marco de la VIII Cumbre de la Comunidad de Estados Latinoamericanos y Caribe\u00f1os (CELAC), que se celebra este viernes en San Vicente y las Granadinas, los gobiernos de Venezuela y M\u00e9xico suscribieron un acuerdo integral de migraci\u00f3n a trav\u00e9s del Plan Vuelta a la Patria. La firma [&hellip;]<\/p>\n","protected":false},"author":4,"featured_media":8275,"comment_status":"open","ping_status":"open","sticky":false,"template":"","format":"standard","meta":{"footnotes":""},"categories":[18,7],"tags":[],"class_list":["post-8269","post","type-post","status-publish","format-standard","has-post-thumbnail","hentry","category-noticias-principales","category-notas-de-prensa"],"_links":{"self":[{"href":"https:\/\/prensapresidencialvenezuela.gob.ve\/index.php\/wp-json\/wp\/v2\/posts\/8269","targetHints":{"allow":["GET"]}}],"collection":[{"href":"https:\/\/prensapresidencialvenezuela.gob.ve\/index.php\/wp-json\/wp\/v2\/posts"}],"about":[{"href":"https:\/\/prensapresidencialvenezuela.gob.ve\/index.php\/wp-json\/wp\/v2\/types\/post"}],"author":[{"embeddable":true,"href":"https:\/\/prensapresidencialvenezuela.gob.ve\/index.php\/wp-json\/wp\/v2\/users\/4"}],"replies":[{"embeddable":true,"href":"https:\/\/prensapresidencialvenezuela.gob.ve\/index.php\/wp-json\/wp\/v2\/comments?post=8269"}],"version-history":[{"count":1,"href":"https:\/\/prensapresidencialvenezuela.gob.ve\/index.php\/wp-json\/wp\/v2\/posts\/8269\/revisions"}],"predecessor-version":[{"id":8276,"href":"https:\/\/prensapresidencialvenezuela.gob.ve\/index.php\/wp-json\/wp\/v2\/posts\/8269\/revisions\/8276"}],"wp:featuredmedia":[{"embeddable":true,"href":"https:\/\/prensapresidencialvenezuela.gob.ve\/index.php\/wp-json\/wp\/v2\/media\/8275"}],"wp:attachment":[{"href":"https:\/\/prensapresidencialvenezuela.gob.ve\/index.php\/wp-json\/wp\/v2\/media?parent=8269"}],"wp:term":[{"taxonomy":"category","embeddable":true,"href":"https:\/\/prensapresidencialvenezuela.gob.ve\/index.php\/wp-json\/wp\/v2\/categories?post=8269"},{"taxonomy":"post_tag","embeddable":true,"href":"https:\/\/prensapresidencialvenezuela.gob.ve\/index.php\/wp-json\/wp\/v2\/tags?post=8269"}],"curies":[{"name":"wp","href":"https:\/\/api.w.org\/{rel}","templated":true}]}}