{"id":8271,"date":"2023-11-13T20:00:00","date_gmt":"2023-11-13T20:00:00","guid":{"rendered":"http:\/\/172.27.0.121\/?p=8271"},"modified":"2024-04-12T21:02:23","modified_gmt":"2024-04-12T21:02:23","slug":"presidente-aplaudio-movilizacion-de-sectores-del-pais-en-apoyo-al-referendum-sobre-el-esequibo","status":"publish","type":"post","link":"https:\/\/prensapresidencialvenezuela.gob.ve\/index.php\/2023\/11\/13\/presidente-aplaudio-movilizacion-de-sectores-del-pais-en-apoyo-al-referendum-sobre-el-esequibo\/","title":{"rendered":"Presidente aplaudi\u00f3 movilizaci\u00f3n de sectores del pa\u00eds en apoyo al refer\u00e9ndum sobre el Esequibo"},"content":{"rendered":"\n<p><strong>Palacio de Miraflores, Caracas.- <\/strong>Al referirse al apoyo de diversos sectores de la sociedad civil que han formalizado la adhesi\u00f3n al refer\u00e9ndum consultivo ante el Consejo Nacional Electoral (CNE), el presidente de la Rep\u00fablica Bolivariana de Venezuela, Nicol\u00e1s Maduro Moros, agradeci\u00f3 la movilizaci\u00f3n de&nbsp; todos los sectores que han participado en este proceso.&nbsp;<\/p>\n\n\n\n<p>\u201cEs impresionante de verdad (\u2026) se ha dado desde lo local, desde el barrio, la comunidad, el urbanismo, la f\u00e1brica, la universidad local, a nivel regional y a nivel nacional\u201d, afirm\u00f3 el Mandatario durante la edici\u00f3n N\u00b0 25 del programa <em>\u201cCon Maduro +\u201d.<\/em><\/p>\n\n\n\n<p>En este sentido, puntualiz\u00f3 que se \u201cest\u00e1 levantando una ola de adhesi\u00f3n de apoyo afortunadamente, que han participado y firmado a favor de refer\u00e9ndum\u201d, apunt\u00f3.<\/p>\n\n\n\n<p>A la fecha, seg\u00fan cifras difundidas por el CNE, m\u00e1s de 4 mil 100 organizaciones y sectores sociales de todo el pa\u00eds han manifestado su voluntad de adherirse al refer\u00e9ndum consultivo que se realizar\u00e1 el pr\u00f3ximo 3 de diciembre.<\/p>\n\n\n\n<p>El pasado 06 de noviembre, Venezuela inici\u00f3 la campa\u00f1a electoral que se extender\u00e1 hasta el 01 de diciembre, para fortalecer la defensa de la soberan\u00eda de Venezuela sobre la Guayana Esequiba ante los pr\u00f3ximos comicios electorales.<\/p>\n\n\n\n<p>En reiteradas ocasiones, el Dignatario venezolano, ha ratificado la vigencia del Acuerdo de Ginebra firmado en 1966, documento que rige esta controversia como \u00fanico instrumento jur\u00eddico depositado en la Organizaci\u00f3n de las Naciones Unidas (ONU).<\/p>\n\n\n\n<p><strong>Prensa Presidencial\/Joelin Jim\u00e9nez<\/strong><\/p>\n","protected":false},"excerpt":{"rendered":"<p>Palacio de Miraflores, Caracas.- Al referirse al apoyo de diversos sectores de la sociedad civil que han formalizado la adhesi\u00f3n al refer\u00e9ndum consultivo ante el Consejo Nacional Electoral (CNE), el presidente de la Rep\u00fablica Bolivariana de Venezuela, Nicol\u00e1s Maduro Moros, agradeci\u00f3 la movilizaci\u00f3n de&nbsp; todos los sectores que han participado en este proceso.&nbsp; \u201cEs impresionante [&hellip;]<\/p>\n","protected":false},"author":6,"featured_media":8278,"comment_status":"open","ping_status":"open","sticky":false,"template":"","format":"standard","meta":{"footnotes":""},"categories":[18,7],"tags":[30,19,27,20],"class_list":["post-8271","post","type-post","status-publish","format-standard","has-post-thumbnail","hentry","category-noticias-principales","category-notas-de-prensa","tag-destacado","tag-nicolas-maduro","tag-revolucion-bolivariana","tag-venezuela"],"_links":{"self":[{"href":"https:\/\/prensapresidencialvenezuela.gob.ve\/index.php\/wp-json\/wp\/v2\/posts\/8271","targetHints":{"allow":["GET"]}}],"collection":[{"href":"https:\/\/prensapresidencialvenezuela.gob.ve\/index.php\/wp-json\/wp\/v2\/posts"}],"about":[{"href":"https:\/\/prensapresidencialvenezuela.gob.ve\/index.php\/wp-json\/wp\/v2\/types\/post"}],"author":[{"embeddable":true,"href":"https:\/\/prensapresidencialvenezuela.gob.ve\/index.php\/wp-json\/wp\/v2\/users\/6"}],"replies":[{"embeddable":true,"href":"https:\/\/prensapresidencialvenezuela.gob.ve\/index.php\/wp-json\/wp\/v2\/comments?post=8271"}],"version-history":[{"count":1,"href":"https:\/\/prensapresidencialvenezuela.gob.ve\/index.php\/wp-json\/wp\/v2\/posts\/8271\/revisions"}],"predecessor-version":[{"id":8281,"href":"https:\/\/prensapresidencialvenezuela.gob.ve\/index.php\/wp-json\/wp\/v2\/posts\/8271\/revisions\/8281"}],"wp:featuredmedia":[{"embeddable":true,"href":"https:\/\/prensapresidencialvenezuela.gob.ve\/index.php\/wp-json\/wp\/v2\/media\/8278"}],"wp:attachment":[{"href":"https:\/\/prensapresidencialvenezuela.gob.ve\/index.php\/wp-json\/wp\/v2\/media?parent=8271"}],"wp:term":[{"taxonomy":"category","embeddable":true,"href":"https:\/\/prensapresidencialvenezuela.gob.ve\/index.php\/wp-json\/wp\/v2\/categories?post=8271"},{"taxonomy":"post_tag","embeddable":true,"href":"https:\/\/prensapresidencialvenezuela.gob.ve\/index.php\/wp-json\/wp\/v2\/tags?post=8271"}],"curies":[{"name":"wp","href":"https:\/\/api.w.org\/{rel}","templated":true}]}}