{"id":8282,"date":"2023-11-13T20:15:00","date_gmt":"2023-11-13T20:15:00","guid":{"rendered":"http:\/\/172.27.0.121\/?p=8282"},"modified":"2024-04-12T21:04:00","modified_gmt":"2024-04-12T21:04:00","slug":"presidente-no-hay-colonialismo-juridico-que-pueda-derogar-la-constitucion-de-la-republica","status":"publish","type":"post","link":"https:\/\/prensapresidencialvenezuela.gob.ve\/index.php\/2023\/11\/13\/presidente-no-hay-colonialismo-juridico-que-pueda-derogar-la-constitucion-de-la-republica\/","title":{"rendered":"Presidente: No hay colonialismo jur\u00eddico que pueda derogar la Constituci\u00f3n de la Rep\u00fablica"},"content":{"rendered":"\n<p><strong>Palacio de Miraflores, Caracas.- \u201c<\/strong>Quieren aplicar el modelo del colonialismo jur\u00eddico (\u2026) pretender Guyana, en esta acci\u00f3n temeraria derogar la Constituci\u00f3n de la Rep\u00fablica Bolivariana de Venezuela, ya saben cu\u00e1l va a ser nuestra respuesta, el 3 de diciembre vamos masivamente a votar para responderle las pretensiones de ExxonMobil, Comando Sur y de Guyana. La constituci\u00f3n de Venezuela no la deroga nadie. No hay colonialismo jur\u00eddico que pueda derogarla\u201d.<\/p>\n\n\n\n<p>Las palabras corresponden al presidente Nicol\u00e1s Maduro Moros, al asegurar que la Constituci\u00f3n de la Rep\u00fablica de Venezuela, respalda en su art\u00edculo 71, la defensa del territorio del Esequibo, el cual \u201cestablece que se consultar\u00e1 al pueblo de Venezuela cualquier materia de especial trascendencia y que puede ser de mayor trascendencia para un pa\u00eds que la defensa de su integridad territorial\u201d.<\/p>\n\n\n\n<p>Durante la edici\u00f3n N\u00b025 del programa \u201cCon Maduro +\u201d, el Mandatario se\u00f1al\u00f3 que la vicepresidenta ejecutiva, Delcy Rodr\u00edguez se encuentra en la ciudad de La Haya, sede de la Corte Internacional de Justicia (CIJ) \u201cpara dar la cara por Venezuela con los mejores especialistas, abogados del mundo del mundo, con los mejores historiadores, para enfrentar esta pretensi\u00f3n temeraria\u201d.<\/p>\n\n\n\n<p>Por su parte, el presidente de la Asamblea Nacional (AN), inform\u00f3 que el d\u00eda martes 14 de noviembre el Poder Legislativo realizar\u00e1 un debate sobre el papel de la CIJ a prop\u00f3sito de esta pretensi\u00f3n de Guyana de quitarle el derecho soberano de Venezuela a votar.<\/p>\n\n\n\n<p>Al respecto, el Dignatario record\u00f3 que la posici\u00f3n de Venezuela \u201ces hist\u00f3rica\u201d que tiene antecedentes desde el a\u00f1o de la fundaci\u00f3n de la CIJ en 1945 y 1946 \u201cy reposa en nuestros archivos m\u00e1s de 12 comunicaciones oficiales de todos los gobiernos que ha habido desde el a\u00f1o 1946 hasta el 2023 ratificando la posici\u00f3n de no reconocer la jurisdicci\u00f3n de esta corte\u201d.<\/p>\n\n\n\n<p><strong>Prensa Presidencial\/Joelin Jim\u00e9nez<\/strong><\/p>\n","protected":false},"excerpt":{"rendered":"<p>Palacio de Miraflores, Caracas.- \u201cQuieren aplicar el modelo del colonialismo jur\u00eddico (\u2026) pretender Guyana, en esta acci\u00f3n temeraria derogar la Constituci\u00f3n de la Rep\u00fablica Bolivariana de Venezuela, ya saben cu\u00e1l va a ser nuestra respuesta, el 3 de diciembre vamos masivamente a votar para responderle las pretensiones de ExxonMobil, Comando Sur y de Guyana. La [&hellip;]<\/p>\n","protected":false},"author":6,"featured_media":8284,"comment_status":"open","ping_status":"open","sticky":false,"template":"","format":"standard","meta":{"footnotes":""},"categories":[18,7],"tags":[30,19,27,20],"class_list":["post-8282","post","type-post","status-publish","format-standard","has-post-thumbnail","hentry","category-noticias-principales","category-notas-de-prensa","tag-destacado","tag-nicolas-maduro","tag-revolucion-bolivariana","tag-venezuela"],"_links":{"self":[{"href":"https:\/\/prensapresidencialvenezuela.gob.ve\/index.php\/wp-json\/wp\/v2\/posts\/8282","targetHints":{"allow":["GET"]}}],"collection":[{"href":"https:\/\/prensapresidencialvenezuela.gob.ve\/index.php\/wp-json\/wp\/v2\/posts"}],"about":[{"href":"https:\/\/prensapresidencialvenezuela.gob.ve\/index.php\/wp-json\/wp\/v2\/types\/post"}],"author":[{"embeddable":true,"href":"https:\/\/prensapresidencialvenezuela.gob.ve\/index.php\/wp-json\/wp\/v2\/users\/6"}],"replies":[{"embeddable":true,"href":"https:\/\/prensapresidencialvenezuela.gob.ve\/index.php\/wp-json\/wp\/v2\/comments?post=8282"}],"version-history":[{"count":1,"href":"https:\/\/prensapresidencialvenezuela.gob.ve\/index.php\/wp-json\/wp\/v2\/posts\/8282\/revisions"}],"predecessor-version":[{"id":8285,"href":"https:\/\/prensapresidencialvenezuela.gob.ve\/index.php\/wp-json\/wp\/v2\/posts\/8282\/revisions\/8285"}],"wp:featuredmedia":[{"embeddable":true,"href":"https:\/\/prensapresidencialvenezuela.gob.ve\/index.php\/wp-json\/wp\/v2\/media\/8284"}],"wp:attachment":[{"href":"https:\/\/prensapresidencialvenezuela.gob.ve\/index.php\/wp-json\/wp\/v2\/media?parent=8282"}],"wp:term":[{"taxonomy":"category","embeddable":true,"href":"https:\/\/prensapresidencialvenezuela.gob.ve\/index.php\/wp-json\/wp\/v2\/categories?post=8282"},{"taxonomy":"post_tag","embeddable":true,"href":"https:\/\/prensapresidencialvenezuela.gob.ve\/index.php\/wp-json\/wp\/v2\/tags?post=8282"}],"curies":[{"name":"wp","href":"https:\/\/api.w.org\/{rel}","templated":true}]}}