{"id":8294,"date":"2024-03-01T21:05:00","date_gmt":"2024-03-01T21:05:00","guid":{"rendered":"http:\/\/172.27.0.121\/?p=8294"},"modified":"2024-04-12T21:08:37","modified_gmt":"2024-04-12T21:08:37","slug":"vii-cumbre-del-fpeg-inicia-con-reunion-ministerial-en-argel","status":"publish","type":"post","link":"https:\/\/prensapresidencialvenezuela.gob.ve\/index.php\/2024\/03\/01\/vii-cumbre-del-fpeg-inicia-con-reunion-ministerial-en-argel\/","title":{"rendered":"VII Cumbre del FPEG inicia con reuni\u00f3n ministerial en Argel"},"content":{"rendered":"\n<p><strong>Argel, Argelia.-<\/strong> Pasadas las 9:30 de la ma\u00f1ana (Hora Local), inici\u00f3 la reuni\u00f3n de ministros de energ\u00eda y petr\u00f3leo de los pa\u00edses miembros del Foro de Pa\u00edses Exportadores de Gas (FPEG), paso previo a la VII Cumbre de Jefes de Estado y de Gobierno que se realizar\u00e1 este s\u00e1bado en Argel.<\/p>\n\n\n\n<p>Desde el Centro Internacional de Conferencias \u00abAbdullatif Rahal\u00bb, las autoridades debaten la versi\u00f3n final de la Declaraci\u00f3n de Argel, instrumento que ser\u00e1 sometido a la aprobaci\u00f3n del pleno de la Cumbre, liderada por el presidente de la Rep\u00fablica Argelina Democr\u00e1tica y Popular, Abdelmadijd Tebboune.<\/p>\n\n\n\n<p>Durante su intervenci\u00f3n, el ministro del Poder Popular para el Petr\u00f3leo, Pedro Tellechea, plante\u00f3 consolidar la vocaci\u00f3n exportadora del FPEG para tributar a la estabilidad del mercado energ\u00e9tico, dada la complejidad situaci\u00f3n que atraviesa producto de la imposici\u00f3n de medidas coercitivas unilaterales contra los pueblos.<\/p>\n\n\n\n<p>De esta jornada se desprende&nbsp; la firma de memorandos de entendimiento por parte del FPEG, la Comisi\u00f3n de Energ\u00eda de la Uni\u00f3n Africana (AFREC) y el Instituto de Investigaci\u00f3n Econ\u00f3mica para la ASEAN y Asia Oriental (ERIA).<\/p>\n\n\n\n<p>Creado en el a\u00f1o 2001, el FPEG respalda los derechos soberanos sobre los recursos de gas natural, estableci\u00e9ndose como una plataforma intergubernamental con vocaci\u00f3n de di\u00e1logo para promover la cooperaci\u00f3n.<\/p>\n\n\n\n<p><strong>Prensa Presidencial \/\u00a0Karelis Gonz\u00e1lez<\/strong><\/p>\n","protected":false},"excerpt":{"rendered":"<p>Argel, Argelia.- Pasadas las 9:30 de la ma\u00f1ana (Hora Local), inici\u00f3 la reuni\u00f3n de ministros de energ\u00eda y petr\u00f3leo de los pa\u00edses miembros del Foro de Pa\u00edses Exportadores de Gas (FPEG), paso previo a la VII Cumbre de Jefes de Estado y de Gobierno que se realizar\u00e1 este s\u00e1bado en Argel. Desde el Centro Internacional [&hellip;]<\/p>\n","protected":false},"author":4,"featured_media":8304,"comment_status":"open","ping_status":"open","sticky":false,"template":"","format":"standard","meta":{"footnotes":""},"categories":[18,7],"tags":[],"class_list":["post-8294","post","type-post","status-publish","format-standard","has-post-thumbnail","hentry","category-noticias-principales","category-notas-de-prensa"],"_links":{"self":[{"href":"https:\/\/prensapresidencialvenezuela.gob.ve\/index.php\/wp-json\/wp\/v2\/posts\/8294","targetHints":{"allow":["GET"]}}],"collection":[{"href":"https:\/\/prensapresidencialvenezuela.gob.ve\/index.php\/wp-json\/wp\/v2\/posts"}],"about":[{"href":"https:\/\/prensapresidencialvenezuela.gob.ve\/index.php\/wp-json\/wp\/v2\/types\/post"}],"author":[{"embeddable":true,"href":"https:\/\/prensapresidencialvenezuela.gob.ve\/index.php\/wp-json\/wp\/v2\/users\/4"}],"replies":[{"embeddable":true,"href":"https:\/\/prensapresidencialvenezuela.gob.ve\/index.php\/wp-json\/wp\/v2\/comments?post=8294"}],"version-history":[{"count":1,"href":"https:\/\/prensapresidencialvenezuela.gob.ve\/index.php\/wp-json\/wp\/v2\/posts\/8294\/revisions"}],"predecessor-version":[{"id":8305,"href":"https:\/\/prensapresidencialvenezuela.gob.ve\/index.php\/wp-json\/wp\/v2\/posts\/8294\/revisions\/8305"}],"wp:featuredmedia":[{"embeddable":true,"href":"https:\/\/prensapresidencialvenezuela.gob.ve\/index.php\/wp-json\/wp\/v2\/media\/8304"}],"wp:attachment":[{"href":"https:\/\/prensapresidencialvenezuela.gob.ve\/index.php\/wp-json\/wp\/v2\/media?parent=8294"}],"wp:term":[{"taxonomy":"category","embeddable":true,"href":"https:\/\/prensapresidencialvenezuela.gob.ve\/index.php\/wp-json\/wp\/v2\/categories?post=8294"},{"taxonomy":"post_tag","embeddable":true,"href":"https:\/\/prensapresidencialvenezuela.gob.ve\/index.php\/wp-json\/wp\/v2\/tags?post=8294"}],"curies":[{"name":"wp","href":"https:\/\/api.w.org\/{rel}","templated":true}]}}