{"id":8297,"date":"2023-11-13T20:45:00","date_gmt":"2023-11-13T20:45:00","guid":{"rendered":"http:\/\/172.27.0.121\/?p=8297"},"modified":"2024-04-12T21:07:52","modified_gmt":"2024-04-12T21:07:52","slug":"presidente-maduro-saludo-acuerdos-alcanzados-por-paises-arabes-e-islamicos-sobre-guerra-en-gaza","status":"publish","type":"post","link":"https:\/\/prensapresidencialvenezuela.gob.ve\/index.php\/2023\/11\/13\/presidente-maduro-saludo-acuerdos-alcanzados-por-paises-arabes-e-islamicos-sobre-guerra-en-gaza\/","title":{"rendered":"Presidente Maduro salud\u00f3 acuerdos alcanzados por pa\u00edses \u00e1rabes e isl\u00e1micos sobre guerra en Gaza"},"content":{"rendered":"\n<p><strong>Palacio de Miraflores, Caracas.-<\/strong> El presidente de la Rep\u00fablica Bolivariana de Venezuela, Nicol\u00e1s Maduro Moros, salud\u00f3 los acuerdos alcanzados por las 74 delegaciones de todos los pa\u00edses \u00e1rabes e isl\u00e1micos reunidos en Arabia Saudita, el pasado 11 de noviembre de 2023, desde donde han exigido el fin de la escalada sionista contra la Franja de Gaza.<\/p>\n\n\n\n<p>Asimismo, destac\u00f3 que \u201cla Alianza Bolivariana para los Pueblos de Nuestra Am\u00e9rica &#8211; Tratado de Comercio de los Pueblos, todos los gobiernos y pa\u00edses del ALBA-TCP hemos levantado nuestra voz para apoyar a todos los gobiernos y todos los pueblos \u00e1rabes e isl\u00e1micos del mundo. Tenemos que lograr el respeto a los derechos del pueblo palestino\u201d.<\/p>\n\n\n\n<p>En esa l\u00ednea, el Mandatario nacional abog\u00f3 por el cese al fuego en la Franja de Gaza para que prevalezca la paz.<\/p>\n\n\n\n<p>\u201cMi llamado es al mundo entero a mantenerse en las calles, porque esta batalla por el derecho a la vida, a la tierra, a la independencia y a tener un Estado palestino la tenemos que ganar, somos mejores y somos m\u00e1s los que amamos a la humanidad y al pueblo palestino\u201d, puntualiz\u00f3.<\/p>\n\n\n\n<p>Las palabras las ofreci\u00f3 el presidente Maduro durante la emisi\u00f3n n\u00famero 25 de su programa semanal \u201cCon Maduro +\u201d.<\/p>\n\n\n\n<p><strong>Prensa Presidencial\/Bianca Borrero<\/strong><\/p>\n","protected":false},"excerpt":{"rendered":"<p>Palacio de Miraflores, Caracas.- El presidente de la Rep\u00fablica Bolivariana de Venezuela, Nicol\u00e1s Maduro Moros, salud\u00f3 los acuerdos alcanzados por las 74 delegaciones de todos los pa\u00edses \u00e1rabes e isl\u00e1micos reunidos en Arabia Saudita, el pasado 11 de noviembre de 2023, desde donde han exigido el fin de la escalada sionista contra la Franja de [&hellip;]<\/p>\n","protected":false},"author":6,"featured_media":8301,"comment_status":"open","ping_status":"open","sticky":false,"template":"","format":"standard","meta":{"footnotes":""},"categories":[18,7],"tags":[30,38,19,27,20],"class_list":["post-8297","post","type-post","status-publish","format-standard","has-post-thumbnail","hentry","category-noticias-principales","category-notas-de-prensa","tag-destacado","tag-diplomacia-bolivariana-de-paz","tag-nicolas-maduro","tag-revolucion-bolivariana","tag-venezuela"],"_links":{"self":[{"href":"https:\/\/prensapresidencialvenezuela.gob.ve\/index.php\/wp-json\/wp\/v2\/posts\/8297","targetHints":{"allow":["GET"]}}],"collection":[{"href":"https:\/\/prensapresidencialvenezuela.gob.ve\/index.php\/wp-json\/wp\/v2\/posts"}],"about":[{"href":"https:\/\/prensapresidencialvenezuela.gob.ve\/index.php\/wp-json\/wp\/v2\/types\/post"}],"author":[{"embeddable":true,"href":"https:\/\/prensapresidencialvenezuela.gob.ve\/index.php\/wp-json\/wp\/v2\/users\/6"}],"replies":[{"embeddable":true,"href":"https:\/\/prensapresidencialvenezuela.gob.ve\/index.php\/wp-json\/wp\/v2\/comments?post=8297"}],"version-history":[{"count":1,"href":"https:\/\/prensapresidencialvenezuela.gob.ve\/index.php\/wp-json\/wp\/v2\/posts\/8297\/revisions"}],"predecessor-version":[{"id":8302,"href":"https:\/\/prensapresidencialvenezuela.gob.ve\/index.php\/wp-json\/wp\/v2\/posts\/8297\/revisions\/8302"}],"wp:featuredmedia":[{"embeddable":true,"href":"https:\/\/prensapresidencialvenezuela.gob.ve\/index.php\/wp-json\/wp\/v2\/media\/8301"}],"wp:attachment":[{"href":"https:\/\/prensapresidencialvenezuela.gob.ve\/index.php\/wp-json\/wp\/v2\/media?parent=8297"}],"wp:term":[{"taxonomy":"category","embeddable":true,"href":"https:\/\/prensapresidencialvenezuela.gob.ve\/index.php\/wp-json\/wp\/v2\/categories?post=8297"},{"taxonomy":"post_tag","embeddable":true,"href":"https:\/\/prensapresidencialvenezuela.gob.ve\/index.php\/wp-json\/wp\/v2\/tags?post=8297"}],"curies":[{"name":"wp","href":"https:\/\/api.w.org\/{rel}","templated":true}]}}