{"id":83,"date":"2022-03-22T20:36:06","date_gmt":"2022-03-22T20:36:06","guid":{"rendered":"http:\/\/10.0.0.92\/?p=83"},"modified":"2022-05-11T16:58:56","modified_gmt":"2022-05-11T16:58:56","slug":"presentan-ante-la-an-anteproyecto-de-ley-para-manejo-integral-de-los-desechos-solidos","status":"publish","type":"post","link":"https:\/\/prensapresidencialvenezuela.gob.ve\/index.php\/2022\/03\/22\/presentan-ante-la-an-anteproyecto-de-ley-para-manejo-integral-de-los-desechos-solidos\/","title":{"rendered":"Presentan ante la AN anteproyecto de Ley para Manejo Integral de los Desechos S\u00f3lidos"},"content":{"rendered":"<div class=\"Jv7Aj mArmR pZp3x\">\u00abEste martes se present\u00f3 ante la Asamblea Nacional el anteproyecto de Ley para el Manejo Integral de la Basura, y as\u00ed afinar un instrumento que permita mejorar la gobernanza en las distintas instancias de recolecci\u00f3n de desechos y residuos s\u00f3lidos, como son las alcald\u00edas, las gobernaciones y nosotros como ente rector para estar en condiciones de garantizar una eficaz recolecci\u00f3n de los desechos s\u00f3lidos a nivel nacional\u00bb.<\/div>\n<div><\/div>\n<div class=\"Jv7Aj mArmR pZp3x\">As\u00ed lo expres\u00f3 el ministro del Poder Popular para el Ecosocialismo, Josu\u00e9 Lorca, en la sede del MINEC, Caracas.<\/div>\n<div><\/div>\n<div class=\"C4VMK\">\n<div>Lorca se\u00f1al\u00f3 que en el marco de la celebraci\u00f3n del D\u00eda Mundial del Agua y D\u00eda de la creaci\u00f3n del Parque Nacional, Caura, en conjunto con el presidente de la Comisi\u00f3n Permanente de Administraci\u00f3n y Servicios, William Gil, presentaron este anteproyecto de ley para su discusi\u00f3n en la Asamblea Nacional.<\/div>\n<div><\/div>\n<div>Asimismo, destac\u00f3 que\u00a0ya est\u00e1 en marcha la Estrategia Nacional de Reforestaci\u00f3n 2022-2023, rumbo al Bicentenario del Decreto de Chuquisaca 2022 \u2013 2025.<\/div>\n<div><\/div>\n<div>Como se sabe, el 19 de diciembre de 1825, el Libertador Sim\u00f3n Bol\u00edvar firm\u00f3 el\u00a0<b>Decreto de Chuquisaca<\/b>, durante su recorrido triunfal por las tierras de Bolivia, donde plasm\u00f3 su visi\u00f3n sobre la necesidad de protecci\u00f3n y cuidado de la naturaleza, as\u00ed como la recuperaci\u00f3n y uso racional de los recursos naturales.<\/div>\n<div><\/div>\n<div>Por otra parte, el ministro Lorca apunt\u00f3 que \u00abcumpliendo entonces con las instrucciones de nuestro presidente Nicol\u00e1s Maduro, que decret\u00f3 este a\u00f1o, 2022, como el de Servicios P\u00fablicos, presentamos esta propuesta de ley, que estar\u00e1 ahora en su ciclo natural de debate con el Poder Popular para ser fortalecida, mejorada y tener una ley s\u00f3lida de gesti\u00f3n integral de la basura\u00bb.<\/div>\n<\/div>\n","protected":false},"excerpt":{"rendered":"<p>\u00abEste martes se present\u00f3 ante la Asamblea Nacional el anteproyecto de Ley para el Manejo Integral de la Basura, y as\u00ed afinar un instrumento que permita mejorar la gobernanza en las distintas instancias de recolecci\u00f3n de desechos y residuos s\u00f3lidos, como son las alcald\u00edas, las gobernaciones y nosotros como ente rector para estar en condiciones [&hellip;]<\/p>\n","protected":false},"author":1,"featured_media":0,"comment_status":"closed","ping_status":"open","sticky":false,"template":"","format":"standard","meta":{"footnotes":""},"categories":[7],"tags":[],"class_list":["post-83","post","type-post","status-publish","format-standard","hentry","category-notas-de-prensa"],"_links":{"self":[{"href":"https:\/\/prensapresidencialvenezuela.gob.ve\/index.php\/wp-json\/wp\/v2\/posts\/83","targetHints":{"allow":["GET"]}}],"collection":[{"href":"https:\/\/prensapresidencialvenezuela.gob.ve\/index.php\/wp-json\/wp\/v2\/posts"}],"about":[{"href":"https:\/\/prensapresidencialvenezuela.gob.ve\/index.php\/wp-json\/wp\/v2\/types\/post"}],"author":[{"embeddable":true,"href":"https:\/\/prensapresidencialvenezuela.gob.ve\/index.php\/wp-json\/wp\/v2\/users\/1"}],"replies":[{"embeddable":true,"href":"https:\/\/prensapresidencialvenezuela.gob.ve\/index.php\/wp-json\/wp\/v2\/comments?post=83"}],"version-history":[{"count":1,"href":"https:\/\/prensapresidencialvenezuela.gob.ve\/index.php\/wp-json\/wp\/v2\/posts\/83\/revisions"}],"predecessor-version":[{"id":85,"href":"https:\/\/prensapresidencialvenezuela.gob.ve\/index.php\/wp-json\/wp\/v2\/posts\/83\/revisions\/85"}],"wp:attachment":[{"href":"https:\/\/prensapresidencialvenezuela.gob.ve\/index.php\/wp-json\/wp\/v2\/media?parent=83"}],"wp:term":[{"taxonomy":"category","embeddable":true,"href":"https:\/\/prensapresidencialvenezuela.gob.ve\/index.php\/wp-json\/wp\/v2\/categories?post=83"},{"taxonomy":"post_tag","embeddable":true,"href":"https:\/\/prensapresidencialvenezuela.gob.ve\/index.php\/wp-json\/wp\/v2\/tags?post=83"}],"curies":[{"name":"wp","href":"https:\/\/api.w.org\/{rel}","templated":true}]}}