{"id":8306,"date":"2024-03-01T21:08:00","date_gmt":"2024-03-01T21:08:00","guid":{"rendered":"http:\/\/172.27.0.121\/?p=8306"},"modified":"2024-04-12T21:10:01","modified_gmt":"2024-04-12T21:10:01","slug":"venezuela-plantea-consolidar-organizacion-de-paises-exportadores-de-gas","status":"publish","type":"post","link":"https:\/\/prensapresidencialvenezuela.gob.ve\/index.php\/2024\/03\/01\/venezuela-plantea-consolidar-organizacion-de-paises-exportadores-de-gas\/","title":{"rendered":"Venezuela plantea consolidar Organizaci\u00f3n de Pa\u00edses Exportadores de Gas"},"content":{"rendered":"\n<p><strong>Argel, Argelia.-<\/strong> Ante la plenaria de la 26\u00b0 Reuni\u00f3n Ministerial Extraordinaria, integrada por delegados de 12 pa\u00edses como miembros plenos y siete observadores, Venezuela plante\u00f3 que se considere convertir al Foro de Pa\u00edses Exportadores de Gas (FPEG) en una organizaci\u00f3n que tribute a la estabilidad de los precios en el mercado energ\u00e9tico.<\/p>\n\n\n\n<p>En voz del ministro del Poder Popular para Petr\u00f3leo, Pedro Rafael Tellechea, puntualiz\u00f3 la necesidad de que el organismo intergubernamental se posicione como un \u201cactor influyente para la estabilidad energ\u00e9tica alrededor del gas y sus diferentes usos en la econom\u00eda\u201d.<\/p>\n\n\n\n<p>\u201cVenezuela propone, muy respetuosamente, que se considere promover el Foro de Gas a una Organizaci\u00f3n de Pa\u00edses Exportadores de Gas para la estabilidad de los precios que requieren nuestros mercados mundiales\u201d, enfatiz\u00f3 al recalcar que \u201cno ser\u00edamos un foro, sino una organizaci\u00f3n\u201d.<\/p>\n\n\n\n<p>Desde el Centro Internacional de Conferencias \u201cAbdullatif Rahal\u201d, ubicado en la capital de Argelia, se\u00f1al\u00f3 que el FPEG est\u00e1 llamado a constituirse \u201ccomo un agente interlocutor de relevancia global para el sector energ\u00e9tico\u201d, condici\u00f3n que resulta estrat\u00e9gico considerando el escenario complejo que atraviesa el mercado de hidrocarburos a escala internacional.<\/p>\n\n\n\n<p>Al respecto, Tellechea apunt\u00f3 que la situaci\u00f3n que rodea al mercado se deriva de las medidas coercitivas unilaterales, impuestas por Estados Unidos y gobiernos sat\u00e9lites, contra pa\u00edses dedicados al sector energ\u00e9tico.<\/p>\n\n\n\n<p>\u201cLas medidas coercitivas unilaterales impuestas por el gobierno de Estados Unidos en contra de nuestros pa\u00edses han afectado una serie de proyectos para el fortalecimiento del \u00e1mbito gas\u00edfero, sin embargo, hemos encontrado una v\u00eda para ir superando los obst\u00e1culos e ir recuperando nuestra industria petrolera\u201d, explic\u00f3.<\/p>\n\n\n\n<p>Sobre la premisa que gu\u00eda la VII Cumbre de Jefes de Estado y de Gobierno, que se instala este s\u00e1bado, orientada al gas como elemento clave para la transici\u00f3n energ\u00e9tica, detall\u00f3 que el hidrocarburo se perfila como \u201cuno de los recursos determinantes para garantizar el crecimiento y el desarrollo de nuestros pa\u00edses, teniendo en cuenta el trilema de la energ\u00eda: seguridad energ\u00e9tica, ambiente y econom\u00eda\u201d.<\/p>\n\n\n\n<p>Tellechea subray\u00f3, en este sentido, que la seguridad energ\u00e9tica es fundamental para el desarrollo de las sociedades modernas, siendo adem\u00e1s vital en las cadenas de valor industrial (agricultura, transporte o salud) y en otros \u00e1mbitos de la producci\u00f3n de bienes y servicios en el mundo.<\/p>\n\n\n\n<p>La Reuni\u00f3n Ministerial Extraordinaria es el paso previo a la VII Cumbre de Jefes de Estado y de Gobierno, cuya discusi\u00f3n servir\u00e1 para abordar desaf\u00edos tecnol\u00f3gicos, fomentar la inversi\u00f3n en la exploraci\u00f3n, as\u00ed como asociaciones mutuamente beneficiosas entre pa\u00edses productores y consumidores en igualdad de condiciones.<\/p>\n\n\n\n<p><strong>Prensa Presidencial \/ Karelis Gonz\u00e1lez<\/strong><\/p>\n","protected":false},"excerpt":{"rendered":"<p>Argel, Argelia.- Ante la plenaria de la 26\u00b0 Reuni\u00f3n Ministerial Extraordinaria, integrada por delegados de 12 pa\u00edses como miembros plenos y siete observadores, Venezuela plante\u00f3 que se considere convertir al Foro de Pa\u00edses Exportadores de Gas (FPEG) en una organizaci\u00f3n que tribute a la estabilidad de los precios en el mercado energ\u00e9tico. En voz del [&hellip;]<\/p>\n","protected":false},"author":4,"featured_media":8310,"comment_status":"open","ping_status":"open","sticky":false,"template":"","format":"standard","meta":{"footnotes":""},"categories":[18,7],"tags":[],"class_list":["post-8306","post","type-post","status-publish","format-standard","has-post-thumbnail","hentry","category-noticias-principales","category-notas-de-prensa"],"_links":{"self":[{"href":"https:\/\/prensapresidencialvenezuela.gob.ve\/index.php\/wp-json\/wp\/v2\/posts\/8306","targetHints":{"allow":["GET"]}}],"collection":[{"href":"https:\/\/prensapresidencialvenezuela.gob.ve\/index.php\/wp-json\/wp\/v2\/posts"}],"about":[{"href":"https:\/\/prensapresidencialvenezuela.gob.ve\/index.php\/wp-json\/wp\/v2\/types\/post"}],"author":[{"embeddable":true,"href":"https:\/\/prensapresidencialvenezuela.gob.ve\/index.php\/wp-json\/wp\/v2\/users\/4"}],"replies":[{"embeddable":true,"href":"https:\/\/prensapresidencialvenezuela.gob.ve\/index.php\/wp-json\/wp\/v2\/comments?post=8306"}],"version-history":[{"count":1,"href":"https:\/\/prensapresidencialvenezuela.gob.ve\/index.php\/wp-json\/wp\/v2\/posts\/8306\/revisions"}],"predecessor-version":[{"id":8312,"href":"https:\/\/prensapresidencialvenezuela.gob.ve\/index.php\/wp-json\/wp\/v2\/posts\/8306\/revisions\/8312"}],"wp:featuredmedia":[{"embeddable":true,"href":"https:\/\/prensapresidencialvenezuela.gob.ve\/index.php\/wp-json\/wp\/v2\/media\/8310"}],"wp:attachment":[{"href":"https:\/\/prensapresidencialvenezuela.gob.ve\/index.php\/wp-json\/wp\/v2\/media?parent=8306"}],"wp:term":[{"taxonomy":"category","embeddable":true,"href":"https:\/\/prensapresidencialvenezuela.gob.ve\/index.php\/wp-json\/wp\/v2\/categories?post=8306"},{"taxonomy":"post_tag","embeddable":true,"href":"https:\/\/prensapresidencialvenezuela.gob.ve\/index.php\/wp-json\/wp\/v2\/tags?post=8306"}],"curies":[{"name":"wp","href":"https:\/\/api.w.org\/{rel}","templated":true}]}}